{"id":2587,"date":"2022-03-25T13:42:05","date_gmt":"2022-03-25T12:42:05","guid":{"rendered":"http:\/\/welubricate.fuchs.com\/?p=2587"},"modified":"2024-07-01T14:45:36","modified_gmt":"2024-07-01T12:45:36","slug":"co-daje-zmiana-z-oleju-mineralnego-na-olej-syntetyczny","status":"publish","type":"post","link":"https:\/\/welubricate.fuchs.com\/pl\/czy-wiesz-ze\/co-daje-zmiana-z-oleju-mineralnego-na-olej-syntetyczny\/","title":{"rendered":"Co daje zmiana z oleju mineralnego na olej syntetyczny?"},"content":{"rendered":"","protected":false},"excerpt":{"rendered":"","protected":false},"author":2,"featured_media":3177,"comment_status":"open","ping_status":"open","sticky":false,"template":"","format":"standard","meta":{"_acf_changed":false,"footnotes":""},"categories":[519],"tags":[7,213,214],"class_list":["post-2587","post","type-post","status-publish","format-standard","has-post-thumbnail","hentry","category-czy-wiesz-ze","tag-fuchs-video","tag-oleje-mineralne","tag-oleje-syntetyczne"],"acf":[],"yoast_head":"<!-- This site is optimized with the Yoast SEO plugin v27.4 - https:\/\/yoast.com\/product\/yoast-seo-wordpress\/ -->\n<title>Co daje zmiana z oleju mineralnego na olej syntetyczny? - welubricate.fuchs.com\/pl<\/title>\n<meta name=\"robots\" content=\"index, follow, max-snippet:-1, max-image-preview:large, max-video-preview:-1\" \/>\n<link rel=\"canonical\" href=\"https:\/\/welubricate.fuchs.com\/pl\/czy-wiesz-ze\/co-daje-zmiana-z-oleju-mineralnego-na-olej-syntetyczny\/\" \/>\n<meta property=\"og:locale\" content=\"pl_PL\" \/>\n<meta property=\"og:type\" content=\"article\" \/>\n<meta property=\"og:title\" content=\"Co daje zmiana z oleju mineralnego na olej syntetyczny? - welubricate.fuchs.com\/pl\" \/>\n<meta property=\"og:url\" content=\"https:\/\/welubricate.fuchs.com\/pl\/czy-wiesz-ze\/co-daje-zmiana-z-oleju-mineralnego-na-olej-syntetyczny\/\" \/>\n<meta property=\"og:site_name\" content=\"welubricate.fuchs.com\/pl\" \/>\n<meta property=\"article:published_time\" content=\"2022-03-25T12:42:05+00:00\" \/>\n<meta property=\"article:modified_time\" content=\"2024-07-01T12:45:36+00:00\" \/>\n<meta property=\"og:image\" content=\"https:\/\/welubricate.fuchs.com\/wp-content\/uploads\/2022\/03\/zmiana_oleju.png\" \/>\n\t<meta property=\"og:image:width\" content=\"2080\" \/>\n\t<meta property=\"og:image:height\" content=\"290\" \/>\n\t<meta property=\"og:image:type\" content=\"image\/png\" \/>\n<meta name=\"author\" content=\"Zesp\u00f3\u0142 FUCHS\" \/>\n<meta name=\"twitter:card\" content=\"summary_large_image\" \/>\n<meta name=\"twitter:label1\" content=\"Napisane przez\" \/>\n\t<meta name=\"twitter:data1\" content=\"Zesp\u00f3\u0142 FUCHS\" \/>\n\t<meta name=\"twitter:label2\" content=\"Szacowany czas czytania\" \/>\n\t<meta name=\"twitter:data2\" content=\"1 minuta\" \/>\n<script type=\"application\/ld+json\" class=\"yoast-schema-graph\">{\"@context\":\"https:\\\/\\\/schema.org\",\"@graph\":[{\"@type\":\"Article\",\"@id\":\"https:\\\/\\\/welubricate.fuchs.com\\\/pl\\\/czy-wiesz-ze\\\/co-daje-zmiana-z-oleju-mineralnego-na-olej-syntetyczny\\\/#article\",\"isPartOf\":{\"@id\":\"https:\\\/\\\/welubricate.fuchs.com\\\/pl\\\/czy-wiesz-ze\\\/co-daje-zmiana-z-oleju-mineralnego-na-olej-syntetyczny\\\/\"},\"author\":{\"name\":\"Zesp\u00f3\u0142 FUCHS\",\"@id\":\"https:\\\/\\\/welubricate.fuchs.com\\\/pl\\\/#\\\/schema\\\/person\\\/c5cab794fcd1bd37b747ca0d824b886c\"},\"headline\":\"Co daje zmiana z oleju mineralnego na olej syntetyczny?\",\"datePublished\":\"2022-03-25T12:42:05+00:00\",\"dateModified\":\"2024-07-01T12:45:36+00:00\",\"mainEntityOfPage\":{\"@id\":\"https:\\\/\\\/welubricate.fuchs.com\\\/pl\\\/czy-wiesz-ze\\\/co-daje-zmiana-z-oleju-mineralnego-na-olej-syntetyczny\\\/\"},\"wordCount\":9,\"commentCount\":0,\"image\":{\"@id\":\"https:\\\/\\\/welubricate.fuchs.com\\\/pl\\\/czy-wiesz-ze\\\/co-daje-zmiana-z-oleju-mineralnego-na-olej-syntetyczny\\\/#primaryimage\"},\"thumbnailUrl\":\"https:\\\/\\\/welubricate.fuchs.com\\\/wp-content\\\/uploads\\\/2022\\\/03\\\/zmiana_oleju.png\",\"keywords\":[\"fuchs-video\",\"oleje mineralne\",\"oleje syntetyczne\"],\"articleSection\":[\"Czy wiesz, \u017ce...\"],\"inLanguage\":\"pl-PL\",\"potentialAction\":[{\"@type\":\"CommentAction\",\"name\":\"Comment\",\"target\":[\"https:\\\/\\\/welubricate.fuchs.com\\\/pl\\\/czy-wiesz-ze\\\/co-daje-zmiana-z-oleju-mineralnego-na-olej-syntetyczny\\\/#respond\"]}]},{\"@type\":\"WebPage\",\"@id\":\"https:\\\/\\\/welubricate.fuchs.com\\\/pl\\\/czy-wiesz-ze\\\/co-daje-zmiana-z-oleju-mineralnego-na-olej-syntetyczny\\\/\",\"url\":\"https:\\\/\\\/welubricate.fuchs.com\\\/pl\\\/czy-wiesz-ze\\\/co-daje-zmiana-z-oleju-mineralnego-na-olej-syntetyczny\\\/\",\"name\":\"Co daje zmiana z oleju mineralnego na olej syntetyczny? - welubricate.fuchs.com\\\/pl\",\"isPartOf\":{\"@id\":\"https:\\\/\\\/welubricate.fuchs.com\\\/pl\\\/#website\"},\"primaryImageOfPage\":{\"@id\":\"https:\\\/\\\/welubricate.fuchs.com\\\/pl\\\/czy-wiesz-ze\\\/co-daje-zmiana-z-oleju-mineralnego-na-olej-syntetyczny\\\/#primaryimage\"},\"image\":{\"@id\":\"https:\\\/\\\/welubricate.fuchs.com\\\/pl\\\/czy-wiesz-ze\\\/co-daje-zmiana-z-oleju-mineralnego-na-olej-syntetyczny\\\/#primaryimage\"},\"thumbnailUrl\":\"https:\\\/\\\/welubricate.fuchs.com\\\/wp-content\\\/uploads\\\/2022\\\/03\\\/zmiana_oleju.png\",\"datePublished\":\"2022-03-25T12:42:05+00:00\",\"dateModified\":\"2024-07-01T12:45:36+00:00\",\"author\":{\"@id\":\"https:\\\/\\\/welubricate.fuchs.com\\\/pl\\\/#\\\/schema\\\/person\\\/c5cab794fcd1bd37b747ca0d824b886c\"},\"inLanguage\":\"pl-PL\",\"potentialAction\":[{\"@type\":\"ReadAction\",\"target\":[\"https:\\\/\\\/welubricate.fuchs.com\\\/pl\\\/czy-wiesz-ze\\\/co-daje-zmiana-z-oleju-mineralnego-na-olej-syntetyczny\\\/\"]}]},{\"@type\":\"ImageObject\",\"inLanguage\":\"pl-PL\",\"@id\":\"https:\\\/\\\/welubricate.fuchs.com\\\/pl\\\/czy-wiesz-ze\\\/co-daje-zmiana-z-oleju-mineralnego-na-olej-syntetyczny\\\/#primaryimage\",\"url\":\"https:\\\/\\\/welubricate.fuchs.com\\\/wp-content\\\/uploads\\\/2022\\\/03\\\/zmiana_oleju.png\",\"contentUrl\":\"https:\\\/\\\/welubricate.fuchs.com\\\/wp-content\\\/uploads\\\/2022\\\/03\\\/zmiana_oleju.png\",\"width\":2080,\"height\":290},{\"@type\":\"WebSite\",\"@id\":\"https:\\\/\\\/welubricate.fuchs.com\\\/pl\\\/#website\",\"url\":\"https:\\\/\\\/welubricate.fuchs.com\\\/pl\\\/\",\"name\":\"welubricate.fuchs.com\\\/pl\",\"description\":\"Portal ekspercki o olejach i smarach\",\"potentialAction\":[{\"@type\":\"SearchAction\",\"target\":{\"@type\":\"EntryPoint\",\"urlTemplate\":\"https:\\\/\\\/welubricate.fuchs.com\\\/pl\\\/?s={search_term_string}\"},\"query-input\":{\"@type\":\"PropertyValueSpecification\",\"valueRequired\":true,\"valueName\":\"search_term_string\"}}],\"inLanguage\":\"pl-PL\"},{\"@type\":\"Person\",\"@id\":\"https:\\\/\\\/welubricate.fuchs.com\\\/pl\\\/#\\\/schema\\\/person\\\/c5cab794fcd1bd37b747ca0d824b886c\",\"name\":\"Zesp\u00f3\u0142 FUCHS\",\"image\":{\"@type\":\"ImageObject\",\"inLanguage\":\"pl-PL\",\"@id\":\"https:\\\/\\\/welubricate.fuchs.com\\\/wp-content\\\/uploads\\\/2024\\\/05\\\/fuchs-claim-150x150.jpg\",\"url\":\"https:\\\/\\\/welubricate.fuchs.com\\\/wp-content\\\/uploads\\\/2024\\\/05\\\/fuchs-claim-150x150.jpg\",\"contentUrl\":\"https:\\\/\\\/welubricate.fuchs.com\\\/wp-content\\\/uploads\\\/2024\\\/05\\\/fuchs-claim-150x150.jpg\",\"caption\":\"Zesp\u00f3\u0142 FUCHS\"},\"description\":\"Inspirujemy i motywujemy. Grupa FUCHS to firma z niemieckimi korzeniami, kt\u00f3ra opracowuje, produkuje i sprzedaje \u015brodki smarne oraz produkty pokrewne od ponad 85 lat \u2013 dla praktycznie wszystkich obszar\u00f3w zastosowa\u0144 i sektor\u00f3w. Firma FUCHS to synonim obietnicy: technologia, kt\u00f3ra si\u0119 op\u0142aca.\",\"url\":\"https:\\\/\\\/welubricate.fuchs.com\\\/pl\\\/author\\\/contenthub\\\/\"}]}<\/script>\n<!-- \/ Yoast SEO plugin. -->","yoast_head_json":{"title":"Co daje zmiana z oleju mineralnego na olej syntetyczny? - welubricate.fuchs.com\/pl","robots":{"index":"index","follow":"follow","max-snippet":"max-snippet:-1","max-image-preview":"max-image-preview:large","max-video-preview":"max-video-preview:-1"},"canonical":"https:\/\/welubricate.fuchs.com\/pl\/czy-wiesz-ze\/co-daje-zmiana-z-oleju-mineralnego-na-olej-syntetyczny\/","og_locale":"pl_PL","og_type":"article","og_title":"Co daje zmiana z oleju mineralnego na olej syntetyczny? - welubricate.fuchs.com\/pl","og_url":"https:\/\/welubricate.fuchs.com\/pl\/czy-wiesz-ze\/co-daje-zmiana-z-oleju-mineralnego-na-olej-syntetyczny\/","og_site_name":"welubricate.fuchs.com\/pl","article_published_time":"2022-03-25T12:42:05+00:00","article_modified_time":"2024-07-01T12:45:36+00:00","og_image":[{"width":2080,"height":290,"url":"https:\/\/welubricate.fuchs.com\/wp-content\/uploads\/2022\/03\/zmiana_oleju.png","type":"image\/png"}],"author":"Zesp\u00f3\u0142 FUCHS","twitter_card":"summary_large_image","twitter_misc":{"Napisane przez":"Zesp\u00f3\u0142 FUCHS","Szacowany czas czytania":"1 minuta"},"schema":{"@context":"https:\/\/schema.org","@graph":[{"@type":"Article","@id":"https:\/\/welubricate.fuchs.com\/pl\/czy-wiesz-ze\/co-daje-zmiana-z-oleju-mineralnego-na-olej-syntetyczny\/#article","isPartOf":{"@id":"https:\/\/welubricate.fuchs.com\/pl\/czy-wiesz-ze\/co-daje-zmiana-z-oleju-mineralnego-na-olej-syntetyczny\/"},"author":{"name":"Zesp\u00f3\u0142 FUCHS","@id":"https:\/\/welubricate.fuchs.com\/pl\/#\/schema\/person\/c5cab794fcd1bd37b747ca0d824b886c"},"headline":"Co daje zmiana z oleju mineralnego na olej syntetyczny?","datePublished":"2022-03-25T12:42:05+00:00","dateModified":"2024-07-01T12:45:36+00:00","mainEntityOfPage":{"@id":"https:\/\/welubricate.fuchs.com\/pl\/czy-wiesz-ze\/co-daje-zmiana-z-oleju-mineralnego-na-olej-syntetyczny\/"},"wordCount":9,"commentCount":0,"image":{"@id":"https:\/\/welubricate.fuchs.com\/pl\/czy-wiesz-ze\/co-daje-zmiana-z-oleju-mineralnego-na-olej-syntetyczny\/#primaryimage"},"thumbnailUrl":"https:\/\/welubricate.fuchs.com\/wp-content\/uploads\/2022\/03\/zmiana_oleju.png","keywords":["fuchs-video","oleje mineralne","oleje syntetyczne"],"articleSection":["Czy wiesz, \u017ce..."],"inLanguage":"pl-PL","potentialAction":[{"@type":"CommentAction","name":"Comment","target":["https:\/\/welubricate.fuchs.com\/pl\/czy-wiesz-ze\/co-daje-zmiana-z-oleju-mineralnego-na-olej-syntetyczny\/#respond"]}]},{"@type":"WebPage","@id":"https:\/\/welubricate.fuchs.com\/pl\/czy-wiesz-ze\/co-daje-zmiana-z-oleju-mineralnego-na-olej-syntetyczny\/","url":"https:\/\/welubricate.fuchs.com\/pl\/czy-wiesz-ze\/co-daje-zmiana-z-oleju-mineralnego-na-olej-syntetyczny\/","name":"Co daje zmiana z oleju mineralnego na olej syntetyczny? - welubricate.fuchs.com\/pl","isPartOf":{"@id":"https:\/\/welubricate.fuchs.com\/pl\/#website"},"primaryImageOfPage":{"@id":"https:\/\/welubricate.fuchs.com\/pl\/czy-wiesz-ze\/co-daje-zmiana-z-oleju-mineralnego-na-olej-syntetyczny\/#primaryimage"},"image":{"@id":"https:\/\/welubricate.fuchs.com\/pl\/czy-wiesz-ze\/co-daje-zmiana-z-oleju-mineralnego-na-olej-syntetyczny\/#primaryimage"},"thumbnailUrl":"https:\/\/welubricate.fuchs.com\/wp-content\/uploads\/2022\/03\/zmiana_oleju.png","datePublished":"2022-03-25T12:42:05+00:00","dateModified":"2024-07-01T12:45:36+00:00","author":{"@id":"https:\/\/welubricate.fuchs.com\/pl\/#\/schema\/person\/c5cab794fcd1bd37b747ca0d824b886c"},"inLanguage":"pl-PL","potentialAction":[{"@type":"ReadAction","target":["https:\/\/welubricate.fuchs.com\/pl\/czy-wiesz-ze\/co-daje-zmiana-z-oleju-mineralnego-na-olej-syntetyczny\/"]}]},{"@type":"ImageObject","inLanguage":"pl-PL","@id":"https:\/\/welubricate.fuchs.com\/pl\/czy-wiesz-ze\/co-daje-zmiana-z-oleju-mineralnego-na-olej-syntetyczny\/#primaryimage","url":"https:\/\/welubricate.fuchs.com\/wp-content\/uploads\/2022\/03\/zmiana_oleju.png","contentUrl":"https:\/\/welubricate.fuchs.com\/wp-content\/uploads\/2022\/03\/zmiana_oleju.png","width":2080,"height":290},{"@type":"WebSite","@id":"https:\/\/welubricate.fuchs.com\/pl\/#website","url":"https:\/\/welubricate.fuchs.com\/pl\/","name":"welubricate.fuchs.com\/pl","description":"Portal ekspercki o olejach i smarach","potentialAction":[{"@type":"SearchAction","target":{"@type":"EntryPoint","urlTemplate":"https:\/\/welubricate.fuchs.com\/pl\/?s={search_term_string}"},"query-input":{"@type":"PropertyValueSpecification","valueRequired":true,"valueName":"search_term_string"}}],"inLanguage":"pl-PL"},{"@type":"Person","@id":"https:\/\/welubricate.fuchs.com\/pl\/#\/schema\/person\/c5cab794fcd1bd37b747ca0d824b886c","name":"Zesp\u00f3\u0142 FUCHS","image":{"@type":"ImageObject","inLanguage":"pl-PL","@id":"https:\/\/welubricate.fuchs.com\/wp-content\/uploads\/2024\/05\/fuchs-claim-150x150.jpg","url":"https:\/\/welubricate.fuchs.com\/wp-content\/uploads\/2024\/05\/fuchs-claim-150x150.jpg","contentUrl":"https:\/\/welubricate.fuchs.com\/wp-content\/uploads\/2024\/05\/fuchs-claim-150x150.jpg","caption":"Zesp\u00f3\u0142 FUCHS"},"description":"Inspirujemy i motywujemy. Grupa FUCHS to firma z niemieckimi korzeniami, kt\u00f3ra opracowuje, produkuje i sprzedaje \u015brodki smarne oraz produkty pokrewne od ponad 85 lat \u2013 dla praktycznie wszystkich obszar\u00f3w zastosowa\u0144 i sektor\u00f3w. Firma FUCHS to synonim obietnicy: technologia, kt\u00f3ra si\u0119 op\u0142aca.","url":"https:\/\/welubricate.fuchs.com\/pl\/author\/contenthub\/"}]}},"_links":{"self":[{"href":"https:\/\/welubricate.fuchs.com\/pl\/wp-json\/wp\/v2\/posts\/2587","targetHints":{"allow":["GET"]}}],"collection":[{"href":"https:\/\/welubricate.fuchs.com\/pl\/wp-json\/wp\/v2\/posts"}],"about":[{"href":"https:\/\/welubricate.fuchs.com\/pl\/wp-json\/wp\/v2\/types\/post"}],"author":[{"embeddable":true,"href":"https:\/\/welubricate.fuchs.com\/pl\/wp-json\/wp\/v2\/users\/2"}],"replies":[{"embeddable":true,"href":"https:\/\/welubricate.fuchs.com\/pl\/wp-json\/wp\/v2\/comments?post=2587"}],"version-history":[{"count":2,"href":"https:\/\/welubricate.fuchs.com\/pl\/wp-json\/wp\/v2\/posts\/2587\/revisions"}],"predecessor-version":[{"id":2987,"href":"https:\/\/welubricate.fuchs.com\/pl\/wp-json\/wp\/v2\/posts\/2587\/revisions\/2987"}],"wp:featuredmedia":[{"embeddable":true,"href":"https:\/\/welubricate.fuchs.com\/pl\/wp-json\/wp\/v2\/media\/3177"}],"wp:attachment":[{"href":"https:\/\/welubricate.fuchs.com\/pl\/wp-json\/wp\/v2\/media?parent=2587"}],"wp:term":[{"taxonomy":"category","embeddable":true,"href":"https:\/\/welubricate.fuchs.com\/pl\/wp-json\/wp\/v2\/categories?post=2587"},{"taxonomy":"post_tag","embeddable":true,"href":"https:\/\/welubricate.fuchs.com\/pl\/wp-json\/wp\/v2\/tags?post=2587"}],"curies":[{"name":"wp","href":"https:\/\/api.w.org\/{rel}","templated":true}]}}