{"id":1912,"date":"2023-02-13T09:10:00","date_gmt":"2023-02-13T08:10:00","guid":{"rendered":"http:\/\/welubricate.fuchs.com\/?p=1912"},"modified":"2024-08-20T12:34:19","modified_gmt":"2024-08-20T10:34:19","slug":"pojazdy-elektryczne-najnowsze-rozwiazania-i-prognozy","status":"publish","type":"post","link":"https:\/\/welubricate.fuchs.com\/pl\/motoryzacja\/pojazdy-elektryczne-najnowsze-rozwiazania-i-prognozy\/","title":{"rendered":"Pojazdy elektryczne. Najnowsze rozwi\u0105zania i prognozy"},"content":{"rendered":"","protected":false},"excerpt":{"rendered":"<p>Elektryfikacja pojazd\u00f3w to temat, kt\u00f3ry pojawia si\u0119 na ustach wszystkich, nie tylko zapalonych mi\u0142o\u015bnik\u00f3w motoryzacji. Coraz wi\u0119cej m\u00f3wi si\u0119 o redukcji emisji spalin i pom\u00f3c w tym mia\u0142yby w\u0142a\u015bnie pojazdy nap\u0119dzane pr\u0105dem.<\/p>\n","protected":false},"author":2,"featured_media":1916,"comment_status":"open","ping_status":"open","sticky":false,"template":"","format":"standard","meta":{"_acf_changed":false,"footnotes":""},"categories":[524,516],"tags":[356,362,359,363,358,260,360,361,357],"class_list":["post-1912","post","type-post","status-publish","format-standard","has-post-thumbnail","hentry","category-motoryzacja","category-technology","tag-elektromobilnosc","tag-fast-charge","tag-hybryda","tag-kwh","tag-plug-in","tag-samochod","tag-samochod-elektryczny","tag-stacje-ladowania","tag-tesla"],"acf":[],"yoast_head":"<!-- This site is optimized with the Yoast SEO plugin v27.5 - https:\/\/yoast.com\/product\/yoast-seo-wordpress\/ -->\n<title>Pojazdy elektryczne. Najnowsze rozwi\u0105zania i prognozy - welubricate.fuchs.com\/pl<\/title>\n<meta name=\"description\" content=\"Elektryfikacja pojazd\u00f3w to temat, kt\u00f3ry pojawia si\u0119 na ustach wszystkich, nie tylko zapalonych mi\u0142o\u015bnik\u00f3w motoryzacji. Coraz wi\u0119cej m\u00f3wi si\u0119 o redukcji emisji spalin i pom\u00f3c w tym mia\u0142yby w\u0142a\u015bnie pojazdy nap\u0119dzane pr\u0105dem\" \/>\n<meta name=\"robots\" content=\"index, follow, max-snippet:-1, max-image-preview:large, max-video-preview:-1\" \/>\n<link rel=\"canonical\" href=\"https:\/\/welubricate.fuchs.com\/pl\/motoryzacja\/pojazdy-elektryczne-najnowsze-rozwiazania-i-prognozy\/\" \/>\n<meta property=\"og:locale\" content=\"pl_PL\" \/>\n<meta property=\"og:type\" content=\"article\" \/>\n<meta property=\"og:title\" content=\"Pojazdy elektryczne. Najnowsze rozwi\u0105zania i prognozy - welubricate.fuchs.com\/pl\" \/>\n<meta property=\"og:description\" content=\"Elektryfikacja pojazd\u00f3w to temat, kt\u00f3ry pojawia si\u0119 na ustach wszystkich, nie tylko zapalonych mi\u0142o\u015bnik\u00f3w motoryzacji. Coraz wi\u0119cej m\u00f3wi si\u0119 o redukcji emisji spalin i pom\u00f3c w tym mia\u0142yby w\u0142a\u015bnie pojazdy nap\u0119dzane pr\u0105dem\" \/>\n<meta property=\"og:url\" content=\"https:\/\/welubricate.fuchs.com\/pl\/motoryzacja\/pojazdy-elektryczne-najnowsze-rozwiazania-i-prognozy\/\" \/>\n<meta property=\"og:site_name\" content=\"welubricate.fuchs.com\/pl\" \/>\n<meta property=\"article:published_time\" content=\"2023-02-13T08:10:00+00:00\" \/>\n<meta property=\"article:modified_time\" content=\"2024-08-20T10:34:19+00:00\" \/>\n<meta property=\"og:image\" content=\"https:\/\/welubricate.fuchs.com\/wp-content\/uploads\/2024\/05\/elektryfikacja_elektromobilnosc-1024x640.png\" \/>\n\t<meta property=\"og:image:width\" content=\"1024\" \/>\n\t<meta property=\"og:image:height\" content=\"640\" \/>\n\t<meta property=\"og:image:type\" content=\"image\/png\" \/>\n<meta name=\"author\" content=\"Zesp\u00f3\u0142 FUCHS\" \/>\n<meta name=\"twitter:card\" content=\"summary_large_image\" \/>\n<meta name=\"twitter:label1\" content=\"Napisane przez\" \/>\n\t<meta name=\"twitter:data1\" content=\"Zesp\u00f3\u0142 FUCHS\" \/>\n\t<meta name=\"twitter:label2\" content=\"Szacowany czas czytania\" \/>\n\t<meta name=\"twitter:data2\" content=\"7 minut\" \/>\n<script type=\"application\/ld+json\" class=\"yoast-schema-graph\">{\"@context\":\"https:\\\/\\\/schema.org\",\"@graph\":[{\"@type\":\"Article\",\"@id\":\"https:\\\/\\\/welubricate.fuchs.com\\\/pl\\\/motoryzacja\\\/pojazdy-elektryczne-najnowsze-rozwiazania-i-prognozy\\\/#article\",\"isPartOf\":{\"@id\":\"https:\\\/\\\/welubricate.fuchs.com\\\/pl\\\/motoryzacja\\\/pojazdy-elektryczne-najnowsze-rozwiazania-i-prognozy\\\/\"},\"author\":{\"name\":\"Zesp\u00f3\u0142 FUCHS\",\"@id\":\"https:\\\/\\\/welubricate.fuchs.com\\\/pl\\\/#\\\/schema\\\/person\\\/c5cab794fcd1bd37b747ca0d824b886c\"},\"headline\":\"Pojazdy elektryczne. Najnowsze rozwi\u0105zania i prognozy\",\"datePublished\":\"2023-02-13T08:10:00+00:00\",\"dateModified\":\"2024-08-20T10:34:19+00:00\",\"mainEntityOfPage\":{\"@id\":\"https:\\\/\\\/welubricate.fuchs.com\\\/pl\\\/motoryzacja\\\/pojazdy-elektryczne-najnowsze-rozwiazania-i-prognozy\\\/\"},\"wordCount\":7,\"commentCount\":0,\"image\":{\"@id\":\"https:\\\/\\\/welubricate.fuchs.com\\\/pl\\\/motoryzacja\\\/pojazdy-elektryczne-najnowsze-rozwiazania-i-prognozy\\\/#primaryimage\"},\"thumbnailUrl\":\"https:\\\/\\\/welubricate.fuchs.com\\\/wp-content\\\/uploads\\\/2024\\\/05\\\/elektryfikacja_elektromobilnosc.png\",\"keywords\":[\"elektromobilno\u015b\u0107\",\"fast charge\",\"hybryda\",\"kWH\",\"plug-in\",\"samoch\u00f3d\",\"samoch\u00f3d elektryczny\",\"stacje \u0142adowania\",\"TESLA\"],\"articleSection\":[\"Motoryzacja\",\"Technology\"],\"inLanguage\":\"pl-PL\",\"potentialAction\":[{\"@type\":\"CommentAction\",\"name\":\"Comment\",\"target\":[\"https:\\\/\\\/welubricate.fuchs.com\\\/pl\\\/motoryzacja\\\/pojazdy-elektryczne-najnowsze-rozwiazania-i-prognozy\\\/#respond\"]}]},{\"@type\":\"WebPage\",\"@id\":\"https:\\\/\\\/welubricate.fuchs.com\\\/pl\\\/motoryzacja\\\/pojazdy-elektryczne-najnowsze-rozwiazania-i-prognozy\\\/\",\"url\":\"https:\\\/\\\/welubricate.fuchs.com\\\/pl\\\/motoryzacja\\\/pojazdy-elektryczne-najnowsze-rozwiazania-i-prognozy\\\/\",\"name\":\"Pojazdy elektryczne. Najnowsze rozwi\u0105zania i prognozy - welubricate.fuchs.com\\\/pl\",\"isPartOf\":{\"@id\":\"https:\\\/\\\/welubricate.fuchs.com\\\/pl\\\/#website\"},\"primaryImageOfPage\":{\"@id\":\"https:\\\/\\\/welubricate.fuchs.com\\\/pl\\\/motoryzacja\\\/pojazdy-elektryczne-najnowsze-rozwiazania-i-prognozy\\\/#primaryimage\"},\"image\":{\"@id\":\"https:\\\/\\\/welubricate.fuchs.com\\\/pl\\\/motoryzacja\\\/pojazdy-elektryczne-najnowsze-rozwiazania-i-prognozy\\\/#primaryimage\"},\"thumbnailUrl\":\"https:\\\/\\\/welubricate.fuchs.com\\\/wp-content\\\/uploads\\\/2024\\\/05\\\/elektryfikacja_elektromobilnosc.png\",\"datePublished\":\"2023-02-13T08:10:00+00:00\",\"dateModified\":\"2024-08-20T10:34:19+00:00\",\"author\":{\"@id\":\"https:\\\/\\\/welubricate.fuchs.com\\\/pl\\\/#\\\/schema\\\/person\\\/c5cab794fcd1bd37b747ca0d824b886c\"},\"description\":\"Elektryfikacja pojazd\u00f3w to temat, kt\u00f3ry pojawia si\u0119 na ustach wszystkich, nie tylko zapalonych mi\u0142o\u015bnik\u00f3w motoryzacji. Coraz wi\u0119cej m\u00f3wi si\u0119 o redukcji emisji spalin i pom\u00f3c w tym mia\u0142yby w\u0142a\u015bnie pojazdy nap\u0119dzane pr\u0105dem\",\"inLanguage\":\"pl-PL\",\"potentialAction\":[{\"@type\":\"ReadAction\",\"target\":[\"https:\\\/\\\/welubricate.fuchs.com\\\/pl\\\/motoryzacja\\\/pojazdy-elektryczne-najnowsze-rozwiazania-i-prognozy\\\/\"]}]},{\"@type\":\"ImageObject\",\"inLanguage\":\"pl-PL\",\"@id\":\"https:\\\/\\\/welubricate.fuchs.com\\\/pl\\\/motoryzacja\\\/pojazdy-elektryczne-najnowsze-rozwiazania-i-prognozy\\\/#primaryimage\",\"url\":\"https:\\\/\\\/welubricate.fuchs.com\\\/wp-content\\\/uploads\\\/2024\\\/05\\\/elektryfikacja_elektromobilnosc.png\",\"contentUrl\":\"https:\\\/\\\/welubricate.fuchs.com\\\/wp-content\\\/uploads\\\/2024\\\/05\\\/elektryfikacja_elektromobilnosc.png\",\"width\":2048,\"height\":1280},{\"@type\":\"WebSite\",\"@id\":\"https:\\\/\\\/welubricate.fuchs.com\\\/pl\\\/#website\",\"url\":\"https:\\\/\\\/welubricate.fuchs.com\\\/pl\\\/\",\"name\":\"welubricate.fuchs.com\\\/pl\",\"description\":\"Portal ekspercki o olejach i smarach\",\"potentialAction\":[{\"@type\":\"SearchAction\",\"target\":{\"@type\":\"EntryPoint\",\"urlTemplate\":\"https:\\\/\\\/welubricate.fuchs.com\\\/pl\\\/?s={search_term_string}\"},\"query-input\":{\"@type\":\"PropertyValueSpecification\",\"valueRequired\":true,\"valueName\":\"search_term_string\"}}],\"inLanguage\":\"pl-PL\"},{\"@type\":\"Person\",\"@id\":\"https:\\\/\\\/welubricate.fuchs.com\\\/pl\\\/#\\\/schema\\\/person\\\/c5cab794fcd1bd37b747ca0d824b886c\",\"name\":\"Zesp\u00f3\u0142 FUCHS\",\"image\":{\"@type\":\"ImageObject\",\"inLanguage\":\"pl-PL\",\"@id\":\"https:\\\/\\\/welubricate.fuchs.com\\\/wp-content\\\/uploads\\\/2024\\\/05\\\/fuchs-claim-150x150.jpg\",\"url\":\"https:\\\/\\\/welubricate.fuchs.com\\\/wp-content\\\/uploads\\\/2024\\\/05\\\/fuchs-claim-150x150.jpg\",\"contentUrl\":\"https:\\\/\\\/welubricate.fuchs.com\\\/wp-content\\\/uploads\\\/2024\\\/05\\\/fuchs-claim-150x150.jpg\",\"caption\":\"Zesp\u00f3\u0142 FUCHS\"},\"description\":\"Inspirujemy i motywujemy. Grupa FUCHS to firma z niemieckimi korzeniami, kt\u00f3ra opracowuje, produkuje i sprzedaje \u015brodki smarne oraz produkty pokrewne od ponad 85 lat \u2013 dla praktycznie wszystkich obszar\u00f3w zastosowa\u0144 i sektor\u00f3w. Firma FUCHS to synonim obietnicy: technologia, kt\u00f3ra si\u0119 op\u0142aca.\",\"url\":\"https:\\\/\\\/welubricate.fuchs.com\\\/pl\\\/author\\\/contenthub\\\/\"}]}<\/script>\n<!-- \/ Yoast SEO plugin. -->","yoast_head_json":{"title":"Pojazdy elektryczne. Najnowsze rozwi\u0105zania i prognozy - welubricate.fuchs.com\/pl","description":"Elektryfikacja pojazd\u00f3w to temat, kt\u00f3ry pojawia si\u0119 na ustach wszystkich, nie tylko zapalonych mi\u0142o\u015bnik\u00f3w motoryzacji. Coraz wi\u0119cej m\u00f3wi si\u0119 o redukcji emisji spalin i pom\u00f3c w tym mia\u0142yby w\u0142a\u015bnie pojazdy nap\u0119dzane pr\u0105dem","robots":{"index":"index","follow":"follow","max-snippet":"max-snippet:-1","max-image-preview":"max-image-preview:large","max-video-preview":"max-video-preview:-1"},"canonical":"https:\/\/welubricate.fuchs.com\/pl\/motoryzacja\/pojazdy-elektryczne-najnowsze-rozwiazania-i-prognozy\/","og_locale":"pl_PL","og_type":"article","og_title":"Pojazdy elektryczne. Najnowsze rozwi\u0105zania i prognozy - welubricate.fuchs.com\/pl","og_description":"Elektryfikacja pojazd\u00f3w to temat, kt\u00f3ry pojawia si\u0119 na ustach wszystkich, nie tylko zapalonych mi\u0142o\u015bnik\u00f3w motoryzacji. Coraz wi\u0119cej m\u00f3wi si\u0119 o redukcji emisji spalin i pom\u00f3c w tym mia\u0142yby w\u0142a\u015bnie pojazdy nap\u0119dzane pr\u0105dem","og_url":"https:\/\/welubricate.fuchs.com\/pl\/motoryzacja\/pojazdy-elektryczne-najnowsze-rozwiazania-i-prognozy\/","og_site_name":"welubricate.fuchs.com\/pl","article_published_time":"2023-02-13T08:10:00+00:00","article_modified_time":"2024-08-20T10:34:19+00:00","og_image":[{"width":1024,"height":640,"url":"https:\/\/welubricate.fuchs.com\/wp-content\/uploads\/2024\/05\/elektryfikacja_elektromobilnosc-1024x640.png","type":"image\/png"}],"author":"Zesp\u00f3\u0142 FUCHS","twitter_card":"summary_large_image","twitter_misc":{"Napisane przez":"Zesp\u00f3\u0142 FUCHS","Szacowany czas czytania":"7 minut"},"schema":{"@context":"https:\/\/schema.org","@graph":[{"@type":"Article","@id":"https:\/\/welubricate.fuchs.com\/pl\/motoryzacja\/pojazdy-elektryczne-najnowsze-rozwiazania-i-prognozy\/#article","isPartOf":{"@id":"https:\/\/welubricate.fuchs.com\/pl\/motoryzacja\/pojazdy-elektryczne-najnowsze-rozwiazania-i-prognozy\/"},"author":{"name":"Zesp\u00f3\u0142 FUCHS","@id":"https:\/\/welubricate.fuchs.com\/pl\/#\/schema\/person\/c5cab794fcd1bd37b747ca0d824b886c"},"headline":"Pojazdy elektryczne. Najnowsze rozwi\u0105zania i prognozy","datePublished":"2023-02-13T08:10:00+00:00","dateModified":"2024-08-20T10:34:19+00:00","mainEntityOfPage":{"@id":"https:\/\/welubricate.fuchs.com\/pl\/motoryzacja\/pojazdy-elektryczne-najnowsze-rozwiazania-i-prognozy\/"},"wordCount":7,"commentCount":0,"image":{"@id":"https:\/\/welubricate.fuchs.com\/pl\/motoryzacja\/pojazdy-elektryczne-najnowsze-rozwiazania-i-prognozy\/#primaryimage"},"thumbnailUrl":"https:\/\/welubricate.fuchs.com\/wp-content\/uploads\/2024\/05\/elektryfikacja_elektromobilnosc.png","keywords":["elektromobilno\u015b\u0107","fast charge","hybryda","kWH","plug-in","samoch\u00f3d","samoch\u00f3d elektryczny","stacje \u0142adowania","TESLA"],"articleSection":["Motoryzacja","Technology"],"inLanguage":"pl-PL","potentialAction":[{"@type":"CommentAction","name":"Comment","target":["https:\/\/welubricate.fuchs.com\/pl\/motoryzacja\/pojazdy-elektryczne-najnowsze-rozwiazania-i-prognozy\/#respond"]}]},{"@type":"WebPage","@id":"https:\/\/welubricate.fuchs.com\/pl\/motoryzacja\/pojazdy-elektryczne-najnowsze-rozwiazania-i-prognozy\/","url":"https:\/\/welubricate.fuchs.com\/pl\/motoryzacja\/pojazdy-elektryczne-najnowsze-rozwiazania-i-prognozy\/","name":"Pojazdy elektryczne. Najnowsze rozwi\u0105zania i prognozy - welubricate.fuchs.com\/pl","isPartOf":{"@id":"https:\/\/welubricate.fuchs.com\/pl\/#website"},"primaryImageOfPage":{"@id":"https:\/\/welubricate.fuchs.com\/pl\/motoryzacja\/pojazdy-elektryczne-najnowsze-rozwiazania-i-prognozy\/#primaryimage"},"image":{"@id":"https:\/\/welubricate.fuchs.com\/pl\/motoryzacja\/pojazdy-elektryczne-najnowsze-rozwiazania-i-prognozy\/#primaryimage"},"thumbnailUrl":"https:\/\/welubricate.fuchs.com\/wp-content\/uploads\/2024\/05\/elektryfikacja_elektromobilnosc.png","datePublished":"2023-02-13T08:10:00+00:00","dateModified":"2024-08-20T10:34:19+00:00","author":{"@id":"https:\/\/welubricate.fuchs.com\/pl\/#\/schema\/person\/c5cab794fcd1bd37b747ca0d824b886c"},"description":"Elektryfikacja pojazd\u00f3w to temat, kt\u00f3ry pojawia si\u0119 na ustach wszystkich, nie tylko zapalonych mi\u0142o\u015bnik\u00f3w motoryzacji. Coraz wi\u0119cej m\u00f3wi si\u0119 o redukcji emisji spalin i pom\u00f3c w tym mia\u0142yby w\u0142a\u015bnie pojazdy nap\u0119dzane pr\u0105dem","inLanguage":"pl-PL","potentialAction":[{"@type":"ReadAction","target":["https:\/\/welubricate.fuchs.com\/pl\/motoryzacja\/pojazdy-elektryczne-najnowsze-rozwiazania-i-prognozy\/"]}]},{"@type":"ImageObject","inLanguage":"pl-PL","@id":"https:\/\/welubricate.fuchs.com\/pl\/motoryzacja\/pojazdy-elektryczne-najnowsze-rozwiazania-i-prognozy\/#primaryimage","url":"https:\/\/welubricate.fuchs.com\/wp-content\/uploads\/2024\/05\/elektryfikacja_elektromobilnosc.png","contentUrl":"https:\/\/welubricate.fuchs.com\/wp-content\/uploads\/2024\/05\/elektryfikacja_elektromobilnosc.png","width":2048,"height":1280},{"@type":"WebSite","@id":"https:\/\/welubricate.fuchs.com\/pl\/#website","url":"https:\/\/welubricate.fuchs.com\/pl\/","name":"welubricate.fuchs.com\/pl","description":"Portal ekspercki o olejach i smarach","potentialAction":[{"@type":"SearchAction","target":{"@type":"EntryPoint","urlTemplate":"https:\/\/welubricate.fuchs.com\/pl\/?s={search_term_string}"},"query-input":{"@type":"PropertyValueSpecification","valueRequired":true,"valueName":"search_term_string"}}],"inLanguage":"pl-PL"},{"@type":"Person","@id":"https:\/\/welubricate.fuchs.com\/pl\/#\/schema\/person\/c5cab794fcd1bd37b747ca0d824b886c","name":"Zesp\u00f3\u0142 FUCHS","image":{"@type":"ImageObject","inLanguage":"pl-PL","@id":"https:\/\/welubricate.fuchs.com\/wp-content\/uploads\/2024\/05\/fuchs-claim-150x150.jpg","url":"https:\/\/welubricate.fuchs.com\/wp-content\/uploads\/2024\/05\/fuchs-claim-150x150.jpg","contentUrl":"https:\/\/welubricate.fuchs.com\/wp-content\/uploads\/2024\/05\/fuchs-claim-150x150.jpg","caption":"Zesp\u00f3\u0142 FUCHS"},"description":"Inspirujemy i motywujemy. Grupa FUCHS to firma z niemieckimi korzeniami, kt\u00f3ra opracowuje, produkuje i sprzedaje \u015brodki smarne oraz produkty pokrewne od ponad 85 lat \u2013 dla praktycznie wszystkich obszar\u00f3w zastosowa\u0144 i sektor\u00f3w. Firma FUCHS to synonim obietnicy: technologia, kt\u00f3ra si\u0119 op\u0142aca.","url":"https:\/\/welubricate.fuchs.com\/pl\/author\/contenthub\/"}]}},"_links":{"self":[{"href":"https:\/\/welubricate.fuchs.com\/pl\/wp-json\/wp\/v2\/posts\/1912","targetHints":{"allow":["GET"]}}],"collection":[{"href":"https:\/\/welubricate.fuchs.com\/pl\/wp-json\/wp\/v2\/posts"}],"about":[{"href":"https:\/\/welubricate.fuchs.com\/pl\/wp-json\/wp\/v2\/types\/post"}],"author":[{"embeddable":true,"href":"https:\/\/welubricate.fuchs.com\/pl\/wp-json\/wp\/v2\/users\/2"}],"replies":[{"embeddable":true,"href":"https:\/\/welubricate.fuchs.com\/pl\/wp-json\/wp\/v2\/comments?post=1912"}],"version-history":[{"count":11,"href":"https:\/\/welubricate.fuchs.com\/pl\/wp-json\/wp\/v2\/posts\/1912\/revisions"}],"predecessor-version":[{"id":10406,"href":"https:\/\/welubricate.fuchs.com\/pl\/wp-json\/wp\/v2\/posts\/1912\/revisions\/10406"}],"wp:featuredmedia":[{"embeddable":true,"href":"https:\/\/welubricate.fuchs.com\/pl\/wp-json\/wp\/v2\/media\/1916"}],"wp:attachment":[{"href":"https:\/\/welubricate.fuchs.com\/pl\/wp-json\/wp\/v2\/media?parent=1912"}],"wp:term":[{"taxonomy":"category","embeddable":true,"href":"https:\/\/welubricate.fuchs.com\/pl\/wp-json\/wp\/v2\/categories?post=1912"},{"taxonomy":"post_tag","embeddable":true,"href":"https:\/\/welubricate.fuchs.com\/pl\/wp-json\/wp\/v2\/tags?post=1912"}],"curies":[{"name":"wp","href":"https:\/\/api.w.org\/{rel}","templated":true}]}}