{"id":1510,"date":"2020-10-09T08:37:04","date_gmt":"2020-10-09T06:37:04","guid":{"rendered":"http:\/\/welubricate.fuchs.com\/?p=1510"},"modified":"2024-06-04T14:02:01","modified_gmt":"2024-06-04T12:02:01","slug":"zarzadzanie-produktami-chemicznymi-jako-wartosc-dodana","status":"publish","type":"post","link":"https:\/\/welubricate.fuchs.com\/pl\/ze-swiata-fuchs\/zarzadzanie-produktami-chemicznymi-jako-wartosc-dodana\/","title":{"rendered":"Zarz\u0105dzanie produktami chemicznymi jako warto\u015b\u0107 dodana"},"content":{"rendered":"","protected":false},"excerpt":{"rendered":"<p>W FUCHS otrzymujesz nie tylko produkt, ale tak\u017ce wsparcie w zarz\u0105dzaniu nim. Zyskujesz wi\u0119c czas i pieni\u0105dze. Sprawd\u017a, jak to dzia\u0142a.<\/p>\n","protected":false},"author":10,"featured_media":1515,"comment_status":"open","ping_status":"open","sticky":false,"template":"","format":"standard","meta":{"_acf_changed":false,"footnotes":""},"categories":[534],"tags":[109,111,20,21,110],"class_list":["post-1510","post","type-post","status-publish","format-standard","has-post-thumbnail","hentry","category-ze-swiata-fuchs","tag-fuchs-na-swiecie","tag-gospodarka-smarownicza","tag-outsourcing-olejowy","tag-outsourcingu-gospodarki-smarowniczej","tag-total-fluid-manegement"],"acf":[],"yoast_head":"<!-- This site is optimized with the Yoast SEO plugin v27.4 - https:\/\/yoast.com\/product\/yoast-seo-wordpress\/ -->\n<title>Zarz\u0105dzanie produktami chemicznymi jako warto\u015b\u0107 dodana - welubricate.fuchs.com\/pl<\/title>\n<meta name=\"robots\" content=\"index, follow, max-snippet:-1, max-image-preview:large, max-video-preview:-1\" \/>\n<link rel=\"canonical\" href=\"https:\/\/welubricate.fuchs.com\/pl\/ze-swiata-fuchs\/zarzadzanie-produktami-chemicznymi-jako-wartosc-dodana\/\" \/>\n<meta property=\"og:locale\" content=\"pl_PL\" \/>\n<meta property=\"og:type\" content=\"article\" \/>\n<meta property=\"og:title\" content=\"Zarz\u0105dzanie produktami chemicznymi jako warto\u015b\u0107 dodana - welubricate.fuchs.com\/pl\" \/>\n<meta property=\"og:description\" content=\"W FUCHS otrzymujesz nie tylko produkt, ale tak\u017ce wsparcie w zarz\u0105dzaniu nim. Zyskujesz wi\u0119c czas i pieni\u0105dze. Sprawd\u017a, jak to dzia\u0142a.\" \/>\n<meta property=\"og:url\" content=\"https:\/\/welubricate.fuchs.com\/pl\/ze-swiata-fuchs\/zarzadzanie-produktami-chemicznymi-jako-wartosc-dodana\/\" \/>\n<meta property=\"og:site_name\" content=\"welubricate.fuchs.com\/pl\" \/>\n<meta property=\"article:published_time\" content=\"2020-10-09T06:37:04+00:00\" \/>\n<meta property=\"article:modified_time\" content=\"2024-06-04T12:02:01+00:00\" \/>\n<meta property=\"og:image\" content=\"https:\/\/welubricate.fuchs.com\/wp-content\/uploads\/2024\/05\/Mercedes-Benz.jpg\" \/>\n\t<meta property=\"og:image:width\" content=\"1500\" \/>\n\t<meta property=\"og:image:height\" content=\"998\" \/>\n\t<meta property=\"og:image:type\" content=\"image\/jpeg\" \/>\n<meta name=\"author\" content=\"Bogdan Ptak\" \/>\n<meta name=\"twitter:card\" content=\"summary_large_image\" \/>\n<meta name=\"twitter:label1\" content=\"Napisane przez\" \/>\n\t<meta name=\"twitter:data1\" content=\"Bogdan Ptak\" \/>\n\t<meta name=\"twitter:label2\" content=\"Szacowany czas czytania\" \/>\n\t<meta name=\"twitter:data2\" content=\"4 minuty\" \/>\n<script type=\"application\/ld+json\" class=\"yoast-schema-graph\">{\"@context\":\"https:\\\/\\\/schema.org\",\"@graph\":[{\"@type\":\"Article\",\"@id\":\"https:\\\/\\\/welubricate.fuchs.com\\\/pl\\\/ze-swiata-fuchs\\\/zarzadzanie-produktami-chemicznymi-jako-wartosc-dodana\\\/#article\",\"isPartOf\":{\"@id\":\"https:\\\/\\\/welubricate.fuchs.com\\\/pl\\\/ze-swiata-fuchs\\\/zarzadzanie-produktami-chemicznymi-jako-wartosc-dodana\\\/\"},\"author\":{\"name\":\"Bogdan Ptak\",\"@id\":\"https:\\\/\\\/welubricate.fuchs.com\\\/pl\\\/#\\\/schema\\\/person\\\/80e308ea242e6edfdbd71d8ea1940a3d\"},\"headline\":\"Zarz\u0105dzanie produktami chemicznymi jako warto\u015b\u0107 dodana\",\"datePublished\":\"2020-10-09T06:37:04+00:00\",\"dateModified\":\"2024-06-04T12:02:01+00:00\",\"mainEntityOfPage\":{\"@id\":\"https:\\\/\\\/welubricate.fuchs.com\\\/pl\\\/ze-swiata-fuchs\\\/zarzadzanie-produktami-chemicznymi-jako-wartosc-dodana\\\/\"},\"wordCount\":7,\"commentCount\":0,\"image\":{\"@id\":\"https:\\\/\\\/welubricate.fuchs.com\\\/pl\\\/ze-swiata-fuchs\\\/zarzadzanie-produktami-chemicznymi-jako-wartosc-dodana\\\/#primaryimage\"},\"thumbnailUrl\":\"https:\\\/\\\/welubricate.fuchs.com\\\/wp-content\\\/uploads\\\/2024\\\/05\\\/Mercedes-Benz.jpg\",\"keywords\":[\"FUCHS na \u015bwiecie\",\"gospodarka Smarownicza\",\"outsourcing olejowy\",\"outsourcingu gospodarki smarowniczej\",\"Total Fluid Manegement\"],\"articleSection\":[\"Ze \u015bwiata Fuchs\"],\"inLanguage\":\"pl-PL\",\"potentialAction\":[{\"@type\":\"CommentAction\",\"name\":\"Comment\",\"target\":[\"https:\\\/\\\/welubricate.fuchs.com\\\/pl\\\/ze-swiata-fuchs\\\/zarzadzanie-produktami-chemicznymi-jako-wartosc-dodana\\\/#respond\"]}]},{\"@type\":\"WebPage\",\"@id\":\"https:\\\/\\\/welubricate.fuchs.com\\\/pl\\\/ze-swiata-fuchs\\\/zarzadzanie-produktami-chemicznymi-jako-wartosc-dodana\\\/\",\"url\":\"https:\\\/\\\/welubricate.fuchs.com\\\/pl\\\/ze-swiata-fuchs\\\/zarzadzanie-produktami-chemicznymi-jako-wartosc-dodana\\\/\",\"name\":\"Zarz\u0105dzanie produktami chemicznymi jako warto\u015b\u0107 dodana - welubricate.fuchs.com\\\/pl\",\"isPartOf\":{\"@id\":\"https:\\\/\\\/welubricate.fuchs.com\\\/pl\\\/#website\"},\"primaryImageOfPage\":{\"@id\":\"https:\\\/\\\/welubricate.fuchs.com\\\/pl\\\/ze-swiata-fuchs\\\/zarzadzanie-produktami-chemicznymi-jako-wartosc-dodana\\\/#primaryimage\"},\"image\":{\"@id\":\"https:\\\/\\\/welubricate.fuchs.com\\\/pl\\\/ze-swiata-fuchs\\\/zarzadzanie-produktami-chemicznymi-jako-wartosc-dodana\\\/#primaryimage\"},\"thumbnailUrl\":\"https:\\\/\\\/welubricate.fuchs.com\\\/wp-content\\\/uploads\\\/2024\\\/05\\\/Mercedes-Benz.jpg\",\"datePublished\":\"2020-10-09T06:37:04+00:00\",\"dateModified\":\"2024-06-04T12:02:01+00:00\",\"author\":{\"@id\":\"https:\\\/\\\/welubricate.fuchs.com\\\/pl\\\/#\\\/schema\\\/person\\\/80e308ea242e6edfdbd71d8ea1940a3d\"},\"inLanguage\":\"pl-PL\",\"potentialAction\":[{\"@type\":\"ReadAction\",\"target\":[\"https:\\\/\\\/welubricate.fuchs.com\\\/pl\\\/ze-swiata-fuchs\\\/zarzadzanie-produktami-chemicznymi-jako-wartosc-dodana\\\/\"]}]},{\"@type\":\"ImageObject\",\"inLanguage\":\"pl-PL\",\"@id\":\"https:\\\/\\\/welubricate.fuchs.com\\\/pl\\\/ze-swiata-fuchs\\\/zarzadzanie-produktami-chemicznymi-jako-wartosc-dodana\\\/#primaryimage\",\"url\":\"https:\\\/\\\/welubricate.fuchs.com\\\/wp-content\\\/uploads\\\/2024\\\/05\\\/Mercedes-Benz.jpg\",\"contentUrl\":\"https:\\\/\\\/welubricate.fuchs.com\\\/wp-content\\\/uploads\\\/2024\\\/05\\\/Mercedes-Benz.jpg\",\"width\":1500,\"height\":998},{\"@type\":\"WebSite\",\"@id\":\"https:\\\/\\\/welubricate.fuchs.com\\\/pl\\\/#website\",\"url\":\"https:\\\/\\\/welubricate.fuchs.com\\\/pl\\\/\",\"name\":\"welubricate.fuchs.com\\\/pl\",\"description\":\"Portal ekspercki o olejach i smarach\",\"potentialAction\":[{\"@type\":\"SearchAction\",\"target\":{\"@type\":\"EntryPoint\",\"urlTemplate\":\"https:\\\/\\\/welubricate.fuchs.com\\\/pl\\\/?s={search_term_string}\"},\"query-input\":{\"@type\":\"PropertyValueSpecification\",\"valueRequired\":true,\"valueName\":\"search_term_string\"}}],\"inLanguage\":\"pl-PL\"},{\"@type\":\"Person\",\"@id\":\"https:\\\/\\\/welubricate.fuchs.com\\\/pl\\\/#\\\/schema\\\/person\\\/80e308ea242e6edfdbd71d8ea1940a3d\",\"name\":\"Bogdan Ptak\",\"image\":{\"@type\":\"ImageObject\",\"inLanguage\":\"pl-PL\",\"@id\":\"https:\\\/\\\/welubricate.fuchs.com\\\/wp-content\\\/uploads\\\/2024\\\/06\\\/B.Ptak_-150x150.jpg\",\"url\":\"https:\\\/\\\/welubricate.fuchs.com\\\/wp-content\\\/uploads\\\/2024\\\/06\\\/B.Ptak_-150x150.jpg\",\"contentUrl\":\"https:\\\/\\\/welubricate.fuchs.com\\\/wp-content\\\/uploads\\\/2024\\\/06\\\/B.Ptak_-150x150.jpg\",\"caption\":\"Bogdan Ptak\"},\"description\":\"Dyrektor dzia\u0142u Mened\u017cer\u00f3w Produkt\u00f3w Motoryzacyjnych w FUCHS OIL. Interesuje si\u0119 motoryzacj\u0105 od najm\u0142odszych lat. Jako ucze\u0144 Technikum Samochodowego startowa\u0142 w kartingu. Ju\u017c od po\u0142owy studi\u00f3w pracowa\u0142 w bran\u017cy motocyklowej. Ponad 25 lat do\u015bwiadczenia w motoryzacji. Obecnie kieruj\u0105c dzia\u0142em Mened\u017cer\u00f3w Produktu, k\u0142adzie nacisk na wiedz\u0119 techniczn\u0105 i znajomo\u015b\u0107 \u015brodk\u00f3w smarnych oraz ich dost\u0119pno\u015b\u0107 dla szerokiego grona klient\u00f3w.\",\"sameAs\":[\"https:\\\/\\\/pl.linkedin.com\\\/in\\\/bogdan-ptak-6631aa2b\"],\"url\":\"https:\\\/\\\/welubricate.fuchs.com\\\/pl\\\/author\\\/bogdan-ptak\\\/\"}]}<\/script>\n<!-- \/ Yoast SEO plugin. -->","yoast_head_json":{"title":"Zarz\u0105dzanie produktami chemicznymi jako warto\u015b\u0107 dodana - welubricate.fuchs.com\/pl","robots":{"index":"index","follow":"follow","max-snippet":"max-snippet:-1","max-image-preview":"max-image-preview:large","max-video-preview":"max-video-preview:-1"},"canonical":"https:\/\/welubricate.fuchs.com\/pl\/ze-swiata-fuchs\/zarzadzanie-produktami-chemicznymi-jako-wartosc-dodana\/","og_locale":"pl_PL","og_type":"article","og_title":"Zarz\u0105dzanie produktami chemicznymi jako warto\u015b\u0107 dodana - welubricate.fuchs.com\/pl","og_description":"W FUCHS otrzymujesz nie tylko produkt, ale tak\u017ce wsparcie w zarz\u0105dzaniu nim. Zyskujesz wi\u0119c czas i pieni\u0105dze. Sprawd\u017a, jak to dzia\u0142a.","og_url":"https:\/\/welubricate.fuchs.com\/pl\/ze-swiata-fuchs\/zarzadzanie-produktami-chemicznymi-jako-wartosc-dodana\/","og_site_name":"welubricate.fuchs.com\/pl","article_published_time":"2020-10-09T06:37:04+00:00","article_modified_time":"2024-06-04T12:02:01+00:00","og_image":[{"width":1500,"height":998,"url":"https:\/\/welubricate.fuchs.com\/wp-content\/uploads\/2024\/05\/Mercedes-Benz.jpg","type":"image\/jpeg"}],"author":"Bogdan Ptak","twitter_card":"summary_large_image","twitter_misc":{"Napisane przez":"Bogdan Ptak","Szacowany czas czytania":"4 minuty"},"schema":{"@context":"https:\/\/schema.org","@graph":[{"@type":"Article","@id":"https:\/\/welubricate.fuchs.com\/pl\/ze-swiata-fuchs\/zarzadzanie-produktami-chemicznymi-jako-wartosc-dodana\/#article","isPartOf":{"@id":"https:\/\/welubricate.fuchs.com\/pl\/ze-swiata-fuchs\/zarzadzanie-produktami-chemicznymi-jako-wartosc-dodana\/"},"author":{"name":"Bogdan Ptak","@id":"https:\/\/welubricate.fuchs.com\/pl\/#\/schema\/person\/80e308ea242e6edfdbd71d8ea1940a3d"},"headline":"Zarz\u0105dzanie produktami chemicznymi jako warto\u015b\u0107 dodana","datePublished":"2020-10-09T06:37:04+00:00","dateModified":"2024-06-04T12:02:01+00:00","mainEntityOfPage":{"@id":"https:\/\/welubricate.fuchs.com\/pl\/ze-swiata-fuchs\/zarzadzanie-produktami-chemicznymi-jako-wartosc-dodana\/"},"wordCount":7,"commentCount":0,"image":{"@id":"https:\/\/welubricate.fuchs.com\/pl\/ze-swiata-fuchs\/zarzadzanie-produktami-chemicznymi-jako-wartosc-dodana\/#primaryimage"},"thumbnailUrl":"https:\/\/welubricate.fuchs.com\/wp-content\/uploads\/2024\/05\/Mercedes-Benz.jpg","keywords":["FUCHS na \u015bwiecie","gospodarka Smarownicza","outsourcing olejowy","outsourcingu gospodarki smarowniczej","Total Fluid Manegement"],"articleSection":["Ze \u015bwiata Fuchs"],"inLanguage":"pl-PL","potentialAction":[{"@type":"CommentAction","name":"Comment","target":["https:\/\/welubricate.fuchs.com\/pl\/ze-swiata-fuchs\/zarzadzanie-produktami-chemicznymi-jako-wartosc-dodana\/#respond"]}]},{"@type":"WebPage","@id":"https:\/\/welubricate.fuchs.com\/pl\/ze-swiata-fuchs\/zarzadzanie-produktami-chemicznymi-jako-wartosc-dodana\/","url":"https:\/\/welubricate.fuchs.com\/pl\/ze-swiata-fuchs\/zarzadzanie-produktami-chemicznymi-jako-wartosc-dodana\/","name":"Zarz\u0105dzanie produktami chemicznymi jako warto\u015b\u0107 dodana - welubricate.fuchs.com\/pl","isPartOf":{"@id":"https:\/\/welubricate.fuchs.com\/pl\/#website"},"primaryImageOfPage":{"@id":"https:\/\/welubricate.fuchs.com\/pl\/ze-swiata-fuchs\/zarzadzanie-produktami-chemicznymi-jako-wartosc-dodana\/#primaryimage"},"image":{"@id":"https:\/\/welubricate.fuchs.com\/pl\/ze-swiata-fuchs\/zarzadzanie-produktami-chemicznymi-jako-wartosc-dodana\/#primaryimage"},"thumbnailUrl":"https:\/\/welubricate.fuchs.com\/wp-content\/uploads\/2024\/05\/Mercedes-Benz.jpg","datePublished":"2020-10-09T06:37:04+00:00","dateModified":"2024-06-04T12:02:01+00:00","author":{"@id":"https:\/\/welubricate.fuchs.com\/pl\/#\/schema\/person\/80e308ea242e6edfdbd71d8ea1940a3d"},"inLanguage":"pl-PL","potentialAction":[{"@type":"ReadAction","target":["https:\/\/welubricate.fuchs.com\/pl\/ze-swiata-fuchs\/zarzadzanie-produktami-chemicznymi-jako-wartosc-dodana\/"]}]},{"@type":"ImageObject","inLanguage":"pl-PL","@id":"https:\/\/welubricate.fuchs.com\/pl\/ze-swiata-fuchs\/zarzadzanie-produktami-chemicznymi-jako-wartosc-dodana\/#primaryimage","url":"https:\/\/welubricate.fuchs.com\/wp-content\/uploads\/2024\/05\/Mercedes-Benz.jpg","contentUrl":"https:\/\/welubricate.fuchs.com\/wp-content\/uploads\/2024\/05\/Mercedes-Benz.jpg","width":1500,"height":998},{"@type":"WebSite","@id":"https:\/\/welubricate.fuchs.com\/pl\/#website","url":"https:\/\/welubricate.fuchs.com\/pl\/","name":"welubricate.fuchs.com\/pl","description":"Portal ekspercki o olejach i smarach","potentialAction":[{"@type":"SearchAction","target":{"@type":"EntryPoint","urlTemplate":"https:\/\/welubricate.fuchs.com\/pl\/?s={search_term_string}"},"query-input":{"@type":"PropertyValueSpecification","valueRequired":true,"valueName":"search_term_string"}}],"inLanguage":"pl-PL"},{"@type":"Person","@id":"https:\/\/welubricate.fuchs.com\/pl\/#\/schema\/person\/80e308ea242e6edfdbd71d8ea1940a3d","name":"Bogdan Ptak","image":{"@type":"ImageObject","inLanguage":"pl-PL","@id":"https:\/\/welubricate.fuchs.com\/wp-content\/uploads\/2024\/06\/B.Ptak_-150x150.jpg","url":"https:\/\/welubricate.fuchs.com\/wp-content\/uploads\/2024\/06\/B.Ptak_-150x150.jpg","contentUrl":"https:\/\/welubricate.fuchs.com\/wp-content\/uploads\/2024\/06\/B.Ptak_-150x150.jpg","caption":"Bogdan Ptak"},"description":"Dyrektor dzia\u0142u Mened\u017cer\u00f3w Produkt\u00f3w Motoryzacyjnych w FUCHS OIL. Interesuje si\u0119 motoryzacj\u0105 od najm\u0142odszych lat. Jako ucze\u0144 Technikum Samochodowego startowa\u0142 w kartingu. Ju\u017c od po\u0142owy studi\u00f3w pracowa\u0142 w bran\u017cy motocyklowej. Ponad 25 lat do\u015bwiadczenia w motoryzacji. Obecnie kieruj\u0105c dzia\u0142em Mened\u017cer\u00f3w Produktu, k\u0142adzie nacisk na wiedz\u0119 techniczn\u0105 i znajomo\u015b\u0107 \u015brodk\u00f3w smarnych oraz ich dost\u0119pno\u015b\u0107 dla szerokiego grona klient\u00f3w.","sameAs":["https:\/\/pl.linkedin.com\/in\/bogdan-ptak-6631aa2b"],"url":"https:\/\/welubricate.fuchs.com\/pl\/author\/bogdan-ptak\/"}]}},"_links":{"self":[{"href":"https:\/\/welubricate.fuchs.com\/pl\/wp-json\/wp\/v2\/posts\/1510","targetHints":{"allow":["GET"]}}],"collection":[{"href":"https:\/\/welubricate.fuchs.com\/pl\/wp-json\/wp\/v2\/posts"}],"about":[{"href":"https:\/\/welubricate.fuchs.com\/pl\/wp-json\/wp\/v2\/types\/post"}],"author":[{"embeddable":true,"href":"https:\/\/welubricate.fuchs.com\/pl\/wp-json\/wp\/v2\/users\/10"}],"replies":[{"embeddable":true,"href":"https:\/\/welubricate.fuchs.com\/pl\/wp-json\/wp\/v2\/comments?post=1510"}],"version-history":[{"count":2,"href":"https:\/\/welubricate.fuchs.com\/pl\/wp-json\/wp\/v2\/posts\/1510\/revisions"}],"predecessor-version":[{"id":2436,"href":"https:\/\/welubricate.fuchs.com\/pl\/wp-json\/wp\/v2\/posts\/1510\/revisions\/2436"}],"wp:featuredmedia":[{"embeddable":true,"href":"https:\/\/welubricate.fuchs.com\/pl\/wp-json\/wp\/v2\/media\/1515"}],"wp:attachment":[{"href":"https:\/\/welubricate.fuchs.com\/pl\/wp-json\/wp\/v2\/media?parent=1510"}],"wp:term":[{"taxonomy":"category","embeddable":true,"href":"https:\/\/welubricate.fuchs.com\/pl\/wp-json\/wp\/v2\/categories?post=1510"},{"taxonomy":"post_tag","embeddable":true,"href":"https:\/\/welubricate.fuchs.com\/pl\/wp-json\/wp\/v2\/tags?post=1510"}],"curies":[{"name":"wp","href":"https:\/\/api.w.org\/{rel}","templated":true}]}}