{"id":1275,"date":"2019-12-05T13:19:19","date_gmt":"2019-12-05T12:19:19","guid":{"rendered":"http:\/\/welubricate.fuchs.com\/?p=1275"},"modified":"2024-07-18T14:48:11","modified_gmt":"2024-07-18T12:48:11","slug":"jak-przygotowac-diesla-do-zimy","status":"publish","type":"post","link":"https:\/\/welubricate.fuchs.com\/pl\/bezpieczni-na-drodze-zima\/jak-przygotowac-diesla-do-zimy\/","title":{"rendered":"Jak przygotowa\u0107 diesla do zimy?"},"content":{"rendered":"","protected":false},"excerpt":{"rendered":"<p>Co zrobi\u0107, aby zima nie zaskoczy\u0142a Ci\u0119 na drodze?<\/p>\n","protected":false},"author":2,"featured_media":1276,"comment_status":"open","ping_status":"open","sticky":false,"template":"","format":"standard","meta":{"_acf_changed":false,"footnotes":""},"categories":[530,524],"tags":[71,70],"class_list":["post-1275","post","type-post","status-publish","format-standard","has-post-thumbnail","hentry","category-bezpieczni-na-drodze-zima","category-motoryzacja","tag-diesel-zima","tag-przygotowanie-diesla-do-zimy"],"acf":[],"yoast_head":"<!-- This site is optimized with the Yoast SEO plugin v27.5 - https:\/\/yoast.com\/product\/yoast-seo-wordpress\/ -->\n<title>Jak przygotowa\u0107 diesla do zimy? - welubricate.fuchs.com\/pl<\/title>\n<meta name=\"robots\" content=\"index, follow, max-snippet:-1, max-image-preview:large, max-video-preview:-1\" \/>\n<link rel=\"canonical\" href=\"https:\/\/welubricate.fuchs.com\/pl\/bezpieczni-na-drodze-zima\/jak-przygotowac-diesla-do-zimy\/\" \/>\n<meta property=\"og:locale\" content=\"pl_PL\" \/>\n<meta property=\"og:type\" content=\"article\" \/>\n<meta property=\"og:title\" content=\"Jak przygotowa\u0107 diesla do zimy? - welubricate.fuchs.com\/pl\" \/>\n<meta property=\"og:description\" content=\"Co zrobi\u0107, aby zima nie zaskoczy\u0142a Ci\u0119 na drodze?\" \/>\n<meta property=\"og:url\" content=\"https:\/\/welubricate.fuchs.com\/pl\/bezpieczni-na-drodze-zima\/jak-przygotowac-diesla-do-zimy\/\" \/>\n<meta property=\"og:site_name\" content=\"welubricate.fuchs.com\/pl\" \/>\n<meta property=\"article:published_time\" content=\"2019-12-05T12:19:19+00:00\" \/>\n<meta property=\"article:modified_time\" content=\"2024-07-18T12:48:11+00:00\" \/>\n<meta property=\"og:image\" content=\"https:\/\/welubricate.fuchs.com\/wp-content\/uploads\/2024\/05\/przygotowanie-diesla-do-zimy.jpg\" \/>\n\t<meta property=\"og:image:width\" content=\"2048\" \/>\n\t<meta property=\"og:image:height\" content=\"1280\" \/>\n\t<meta property=\"og:image:type\" content=\"image\/jpeg\" \/>\n<meta name=\"author\" content=\"Zesp\u00f3\u0142 FUCHS\" \/>\n<meta name=\"twitter:card\" content=\"summary_large_image\" \/>\n<meta name=\"twitter:label1\" content=\"Napisane przez\" \/>\n\t<meta name=\"twitter:data1\" content=\"Zesp\u00f3\u0142 FUCHS\" \/>\n\t<meta name=\"twitter:label2\" content=\"Szacowany czas czytania\" \/>\n\t<meta name=\"twitter:data2\" content=\"8 minut\" \/>\n<script type=\"application\/ld+json\" class=\"yoast-schema-graph\">{\"@context\":\"https:\\\/\\\/schema.org\",\"@graph\":[{\"@type\":\"Article\",\"@id\":\"https:\\\/\\\/welubricate.fuchs.com\\\/pl\\\/bezpieczni-na-drodze-zima\\\/jak-przygotowac-diesla-do-zimy\\\/#article\",\"isPartOf\":{\"@id\":\"https:\\\/\\\/welubricate.fuchs.com\\\/pl\\\/bezpieczni-na-drodze-zima\\\/jak-przygotowac-diesla-do-zimy\\\/\"},\"author\":{\"name\":\"Zesp\u00f3\u0142 FUCHS\",\"@id\":\"https:\\\/\\\/welubricate.fuchs.com\\\/pl\\\/#\\\/schema\\\/person\\\/c5cab794fcd1bd37b747ca0d824b886c\"},\"headline\":\"Jak przygotowa\u0107 diesla do zimy?\",\"datePublished\":\"2019-12-05T12:19:19+00:00\",\"dateModified\":\"2024-07-18T12:48:11+00:00\",\"mainEntityOfPage\":{\"@id\":\"https:\\\/\\\/welubricate.fuchs.com\\\/pl\\\/bezpieczni-na-drodze-zima\\\/jak-przygotowac-diesla-do-zimy\\\/\"},\"wordCount\":5,\"commentCount\":0,\"image\":{\"@id\":\"https:\\\/\\\/welubricate.fuchs.com\\\/pl\\\/bezpieczni-na-drodze-zima\\\/jak-przygotowac-diesla-do-zimy\\\/#primaryimage\"},\"thumbnailUrl\":\"https:\\\/\\\/welubricate.fuchs.com\\\/wp-content\\\/uploads\\\/2024\\\/05\\\/przygotowanie-diesla-do-zimy.jpg\",\"keywords\":[\"diesel zim\u0105\",\"przygotowanie diesla do zimy\"],\"articleSection\":[\"Bezpieczni na drodze zima\",\"Motoryzacja\"],\"inLanguage\":\"pl-PL\",\"potentialAction\":[{\"@type\":\"CommentAction\",\"name\":\"Comment\",\"target\":[\"https:\\\/\\\/welubricate.fuchs.com\\\/pl\\\/bezpieczni-na-drodze-zima\\\/jak-przygotowac-diesla-do-zimy\\\/#respond\"]}]},{\"@type\":\"WebPage\",\"@id\":\"https:\\\/\\\/welubricate.fuchs.com\\\/pl\\\/bezpieczni-na-drodze-zima\\\/jak-przygotowac-diesla-do-zimy\\\/\",\"url\":\"https:\\\/\\\/welubricate.fuchs.com\\\/pl\\\/bezpieczni-na-drodze-zima\\\/jak-przygotowac-diesla-do-zimy\\\/\",\"name\":\"Jak przygotowa\u0107 diesla do zimy? - welubricate.fuchs.com\\\/pl\",\"isPartOf\":{\"@id\":\"https:\\\/\\\/welubricate.fuchs.com\\\/pl\\\/#website\"},\"primaryImageOfPage\":{\"@id\":\"https:\\\/\\\/welubricate.fuchs.com\\\/pl\\\/bezpieczni-na-drodze-zima\\\/jak-przygotowac-diesla-do-zimy\\\/#primaryimage\"},\"image\":{\"@id\":\"https:\\\/\\\/welubricate.fuchs.com\\\/pl\\\/bezpieczni-na-drodze-zima\\\/jak-przygotowac-diesla-do-zimy\\\/#primaryimage\"},\"thumbnailUrl\":\"https:\\\/\\\/welubricate.fuchs.com\\\/wp-content\\\/uploads\\\/2024\\\/05\\\/przygotowanie-diesla-do-zimy.jpg\",\"datePublished\":\"2019-12-05T12:19:19+00:00\",\"dateModified\":\"2024-07-18T12:48:11+00:00\",\"author\":{\"@id\":\"https:\\\/\\\/welubricate.fuchs.com\\\/pl\\\/#\\\/schema\\\/person\\\/c5cab794fcd1bd37b747ca0d824b886c\"},\"inLanguage\":\"pl-PL\",\"potentialAction\":[{\"@type\":\"ReadAction\",\"target\":[\"https:\\\/\\\/welubricate.fuchs.com\\\/pl\\\/bezpieczni-na-drodze-zima\\\/jak-przygotowac-diesla-do-zimy\\\/\"]}]},{\"@type\":\"ImageObject\",\"inLanguage\":\"pl-PL\",\"@id\":\"https:\\\/\\\/welubricate.fuchs.com\\\/pl\\\/bezpieczni-na-drodze-zima\\\/jak-przygotowac-diesla-do-zimy\\\/#primaryimage\",\"url\":\"https:\\\/\\\/welubricate.fuchs.com\\\/wp-content\\\/uploads\\\/2024\\\/05\\\/przygotowanie-diesla-do-zimy.jpg\",\"contentUrl\":\"https:\\\/\\\/welubricate.fuchs.com\\\/wp-content\\\/uploads\\\/2024\\\/05\\\/przygotowanie-diesla-do-zimy.jpg\",\"width\":2048,\"height\":1280},{\"@type\":\"WebSite\",\"@id\":\"https:\\\/\\\/welubricate.fuchs.com\\\/pl\\\/#website\",\"url\":\"https:\\\/\\\/welubricate.fuchs.com\\\/pl\\\/\",\"name\":\"welubricate.fuchs.com\\\/pl\",\"description\":\"Portal ekspercki o olejach i smarach\",\"potentialAction\":[{\"@type\":\"SearchAction\",\"target\":{\"@type\":\"EntryPoint\",\"urlTemplate\":\"https:\\\/\\\/welubricate.fuchs.com\\\/pl\\\/?s={search_term_string}\"},\"query-input\":{\"@type\":\"PropertyValueSpecification\",\"valueRequired\":true,\"valueName\":\"search_term_string\"}}],\"inLanguage\":\"pl-PL\"},{\"@type\":\"Person\",\"@id\":\"https:\\\/\\\/welubricate.fuchs.com\\\/pl\\\/#\\\/schema\\\/person\\\/c5cab794fcd1bd37b747ca0d824b886c\",\"name\":\"Zesp\u00f3\u0142 FUCHS\",\"image\":{\"@type\":\"ImageObject\",\"inLanguage\":\"pl-PL\",\"@id\":\"https:\\\/\\\/welubricate.fuchs.com\\\/wp-content\\\/uploads\\\/2024\\\/05\\\/fuchs-claim-150x150.jpg\",\"url\":\"https:\\\/\\\/welubricate.fuchs.com\\\/wp-content\\\/uploads\\\/2024\\\/05\\\/fuchs-claim-150x150.jpg\",\"contentUrl\":\"https:\\\/\\\/welubricate.fuchs.com\\\/wp-content\\\/uploads\\\/2024\\\/05\\\/fuchs-claim-150x150.jpg\",\"caption\":\"Zesp\u00f3\u0142 FUCHS\"},\"description\":\"Inspirujemy i motywujemy. Grupa FUCHS to firma z niemieckimi korzeniami, kt\u00f3ra opracowuje, produkuje i sprzedaje \u015brodki smarne oraz produkty pokrewne od ponad 85 lat \u2013 dla praktycznie wszystkich obszar\u00f3w zastosowa\u0144 i sektor\u00f3w. Firma FUCHS to synonim obietnicy: technologia, kt\u00f3ra si\u0119 op\u0142aca.\",\"url\":\"https:\\\/\\\/welubricate.fuchs.com\\\/pl\\\/author\\\/contenthub\\\/\"}]}<\/script>\n<!-- \/ Yoast SEO plugin. -->","yoast_head_json":{"title":"Jak przygotowa\u0107 diesla do zimy? - welubricate.fuchs.com\/pl","robots":{"index":"index","follow":"follow","max-snippet":"max-snippet:-1","max-image-preview":"max-image-preview:large","max-video-preview":"max-video-preview:-1"},"canonical":"https:\/\/welubricate.fuchs.com\/pl\/bezpieczni-na-drodze-zima\/jak-przygotowac-diesla-do-zimy\/","og_locale":"pl_PL","og_type":"article","og_title":"Jak przygotowa\u0107 diesla do zimy? - welubricate.fuchs.com\/pl","og_description":"Co zrobi\u0107, aby zima nie zaskoczy\u0142a Ci\u0119 na drodze?","og_url":"https:\/\/welubricate.fuchs.com\/pl\/bezpieczni-na-drodze-zima\/jak-przygotowac-diesla-do-zimy\/","og_site_name":"welubricate.fuchs.com\/pl","article_published_time":"2019-12-05T12:19:19+00:00","article_modified_time":"2024-07-18T12:48:11+00:00","og_image":[{"width":2048,"height":1280,"url":"https:\/\/welubricate.fuchs.com\/wp-content\/uploads\/2024\/05\/przygotowanie-diesla-do-zimy.jpg","type":"image\/jpeg"}],"author":"Zesp\u00f3\u0142 FUCHS","twitter_card":"summary_large_image","twitter_misc":{"Napisane przez":"Zesp\u00f3\u0142 FUCHS","Szacowany czas czytania":"8 minut"},"schema":{"@context":"https:\/\/schema.org","@graph":[{"@type":"Article","@id":"https:\/\/welubricate.fuchs.com\/pl\/bezpieczni-na-drodze-zima\/jak-przygotowac-diesla-do-zimy\/#article","isPartOf":{"@id":"https:\/\/welubricate.fuchs.com\/pl\/bezpieczni-na-drodze-zima\/jak-przygotowac-diesla-do-zimy\/"},"author":{"name":"Zesp\u00f3\u0142 FUCHS","@id":"https:\/\/welubricate.fuchs.com\/pl\/#\/schema\/person\/c5cab794fcd1bd37b747ca0d824b886c"},"headline":"Jak przygotowa\u0107 diesla do zimy?","datePublished":"2019-12-05T12:19:19+00:00","dateModified":"2024-07-18T12:48:11+00:00","mainEntityOfPage":{"@id":"https:\/\/welubricate.fuchs.com\/pl\/bezpieczni-na-drodze-zima\/jak-przygotowac-diesla-do-zimy\/"},"wordCount":5,"commentCount":0,"image":{"@id":"https:\/\/welubricate.fuchs.com\/pl\/bezpieczni-na-drodze-zima\/jak-przygotowac-diesla-do-zimy\/#primaryimage"},"thumbnailUrl":"https:\/\/welubricate.fuchs.com\/wp-content\/uploads\/2024\/05\/przygotowanie-diesla-do-zimy.jpg","keywords":["diesel zim\u0105","przygotowanie diesla do zimy"],"articleSection":["Bezpieczni na drodze zima","Motoryzacja"],"inLanguage":"pl-PL","potentialAction":[{"@type":"CommentAction","name":"Comment","target":["https:\/\/welubricate.fuchs.com\/pl\/bezpieczni-na-drodze-zima\/jak-przygotowac-diesla-do-zimy\/#respond"]}]},{"@type":"WebPage","@id":"https:\/\/welubricate.fuchs.com\/pl\/bezpieczni-na-drodze-zima\/jak-przygotowac-diesla-do-zimy\/","url":"https:\/\/welubricate.fuchs.com\/pl\/bezpieczni-na-drodze-zima\/jak-przygotowac-diesla-do-zimy\/","name":"Jak przygotowa\u0107 diesla do zimy? - welubricate.fuchs.com\/pl","isPartOf":{"@id":"https:\/\/welubricate.fuchs.com\/pl\/#website"},"primaryImageOfPage":{"@id":"https:\/\/welubricate.fuchs.com\/pl\/bezpieczni-na-drodze-zima\/jak-przygotowac-diesla-do-zimy\/#primaryimage"},"image":{"@id":"https:\/\/welubricate.fuchs.com\/pl\/bezpieczni-na-drodze-zima\/jak-przygotowac-diesla-do-zimy\/#primaryimage"},"thumbnailUrl":"https:\/\/welubricate.fuchs.com\/wp-content\/uploads\/2024\/05\/przygotowanie-diesla-do-zimy.jpg","datePublished":"2019-12-05T12:19:19+00:00","dateModified":"2024-07-18T12:48:11+00:00","author":{"@id":"https:\/\/welubricate.fuchs.com\/pl\/#\/schema\/person\/c5cab794fcd1bd37b747ca0d824b886c"},"inLanguage":"pl-PL","potentialAction":[{"@type":"ReadAction","target":["https:\/\/welubricate.fuchs.com\/pl\/bezpieczni-na-drodze-zima\/jak-przygotowac-diesla-do-zimy\/"]}]},{"@type":"ImageObject","inLanguage":"pl-PL","@id":"https:\/\/welubricate.fuchs.com\/pl\/bezpieczni-na-drodze-zima\/jak-przygotowac-diesla-do-zimy\/#primaryimage","url":"https:\/\/welubricate.fuchs.com\/wp-content\/uploads\/2024\/05\/przygotowanie-diesla-do-zimy.jpg","contentUrl":"https:\/\/welubricate.fuchs.com\/wp-content\/uploads\/2024\/05\/przygotowanie-diesla-do-zimy.jpg","width":2048,"height":1280},{"@type":"WebSite","@id":"https:\/\/welubricate.fuchs.com\/pl\/#website","url":"https:\/\/welubricate.fuchs.com\/pl\/","name":"welubricate.fuchs.com\/pl","description":"Portal ekspercki o olejach i smarach","potentialAction":[{"@type":"SearchAction","target":{"@type":"EntryPoint","urlTemplate":"https:\/\/welubricate.fuchs.com\/pl\/?s={search_term_string}"},"query-input":{"@type":"PropertyValueSpecification","valueRequired":true,"valueName":"search_term_string"}}],"inLanguage":"pl-PL"},{"@type":"Person","@id":"https:\/\/welubricate.fuchs.com\/pl\/#\/schema\/person\/c5cab794fcd1bd37b747ca0d824b886c","name":"Zesp\u00f3\u0142 FUCHS","image":{"@type":"ImageObject","inLanguage":"pl-PL","@id":"https:\/\/welubricate.fuchs.com\/wp-content\/uploads\/2024\/05\/fuchs-claim-150x150.jpg","url":"https:\/\/welubricate.fuchs.com\/wp-content\/uploads\/2024\/05\/fuchs-claim-150x150.jpg","contentUrl":"https:\/\/welubricate.fuchs.com\/wp-content\/uploads\/2024\/05\/fuchs-claim-150x150.jpg","caption":"Zesp\u00f3\u0142 FUCHS"},"description":"Inspirujemy i motywujemy. Grupa FUCHS to firma z niemieckimi korzeniami, kt\u00f3ra opracowuje, produkuje i sprzedaje \u015brodki smarne oraz produkty pokrewne od ponad 85 lat \u2013 dla praktycznie wszystkich obszar\u00f3w zastosowa\u0144 i sektor\u00f3w. Firma FUCHS to synonim obietnicy: technologia, kt\u00f3ra si\u0119 op\u0142aca.","url":"https:\/\/welubricate.fuchs.com\/pl\/author\/contenthub\/"}]}},"_links":{"self":[{"href":"https:\/\/welubricate.fuchs.com\/pl\/wp-json\/wp\/v2\/posts\/1275","targetHints":{"allow":["GET"]}}],"collection":[{"href":"https:\/\/welubricate.fuchs.com\/pl\/wp-json\/wp\/v2\/posts"}],"about":[{"href":"https:\/\/welubricate.fuchs.com\/pl\/wp-json\/wp\/v2\/types\/post"}],"author":[{"embeddable":true,"href":"https:\/\/welubricate.fuchs.com\/pl\/wp-json\/wp\/v2\/users\/2"}],"replies":[{"embeddable":true,"href":"https:\/\/welubricate.fuchs.com\/pl\/wp-json\/wp\/v2\/comments?post=1275"}],"version-history":[{"count":5,"href":"https:\/\/welubricate.fuchs.com\/pl\/wp-json\/wp\/v2\/posts\/1275\/revisions"}],"predecessor-version":[{"id":9562,"href":"https:\/\/welubricate.fuchs.com\/pl\/wp-json\/wp\/v2\/posts\/1275\/revisions\/9562"}],"wp:featuredmedia":[{"embeddable":true,"href":"https:\/\/welubricate.fuchs.com\/pl\/wp-json\/wp\/v2\/media\/1276"}],"wp:attachment":[{"href":"https:\/\/welubricate.fuchs.com\/pl\/wp-json\/wp\/v2\/media?parent=1275"}],"wp:term":[{"taxonomy":"category","embeddable":true,"href":"https:\/\/welubricate.fuchs.com\/pl\/wp-json\/wp\/v2\/categories?post=1275"},{"taxonomy":"post_tag","embeddable":true,"href":"https:\/\/welubricate.fuchs.com\/pl\/wp-json\/wp\/v2\/tags?post=1275"}],"curies":[{"name":"wp","href":"https:\/\/api.w.org\/{rel}","templated":true}]}}