{"id":1127,"date":"2019-02-06T08:05:29","date_gmt":"2019-02-06T07:05:29","guid":{"rendered":"http:\/\/welubricate.fuchs.com\/?p=1127"},"modified":"2024-07-01T13:35:11","modified_gmt":"2024-07-01T11:35:11","slug":"ignacy-lukasiewicz-polak-ktory-rozswietlil-mrok","status":"publish","type":"post","link":"https:\/\/welubricate.fuchs.com\/pl\/people\/ignacy-lukasiewicz-polak-ktory-rozswietlil-mrok\/","title":{"rendered":"Ignacy \u0141ukasiewicz"},"content":{"rendered":"<p>&nbsp;<\/p>\n<p style=\"text-align: left; font-size: 11px;\">\n","protected":false},"excerpt":{"rendered":"<p>Ignacy \u0141ukasiewicz za\u0142o\u017cy\u0142 pierwsz\u0105 na \u015bwiecie kopalni\u0119 ropy naftowej.<\/p>\n","protected":false},"author":2,"featured_media":3130,"comment_status":"open","ping_status":"open","sticky":false,"template":"","format":"standard","meta":{"_acf_changed":false,"footnotes":""},"categories":[522,525],"tags":[43],"class_list":["post-1127","post","type-post","status-publish","format-standard","has-post-thumbnail","hentry","category-people","category-przemysl","tag-ciekawa-postac"],"acf":[],"yoast_head":"<!-- This site is optimized with the Yoast SEO plugin v27.5 - https:\/\/yoast.com\/product\/yoast-seo-wordpress\/ -->\n<title>Ignacy \u0141ukasiewicz - welubricate.fuchs.com\/pl<\/title>\n<meta name=\"robots\" content=\"index, follow, max-snippet:-1, max-image-preview:large, max-video-preview:-1\" \/>\n<link rel=\"canonical\" href=\"https:\/\/welubricate.fuchs.com\/pl\/people\/ignacy-lukasiewicz-polak-ktory-rozswietlil-mrok\/\" \/>\n<meta property=\"og:locale\" content=\"pl_PL\" \/>\n<meta property=\"og:type\" content=\"article\" \/>\n<meta property=\"og:title\" content=\"Ignacy \u0141ukasiewicz - welubricate.fuchs.com\/pl\" \/>\n<meta property=\"og:description\" content=\"Ignacy \u0141ukasiewicz za\u0142o\u017cy\u0142 pierwsz\u0105 na \u015bwiecie kopalni\u0119 ropy naftowej.\" \/>\n<meta property=\"og:url\" content=\"https:\/\/welubricate.fuchs.com\/pl\/people\/ignacy-lukasiewicz-polak-ktory-rozswietlil-mrok\/\" \/>\n<meta property=\"og:site_name\" content=\"welubricate.fuchs.com\/pl\" \/>\n<meta property=\"article:published_time\" content=\"2019-02-06T07:05:29+00:00\" \/>\n<meta property=\"article:modified_time\" content=\"2024-07-01T11:35:11+00:00\" \/>\n<meta property=\"og:image\" content=\"https:\/\/welubricate.fuchs.com\/wp-content\/uploads\/2019\/02\/lukasiewicz_s.png\" \/>\n\t<meta property=\"og:image:width\" content=\"2080\" \/>\n\t<meta property=\"og:image:height\" content=\"290\" \/>\n\t<meta property=\"og:image:type\" content=\"image\/png\" \/>\n<meta name=\"author\" content=\"Zesp\u00f3\u0142 FUCHS\" \/>\n<meta name=\"twitter:card\" content=\"summary_large_image\" \/>\n<meta name=\"twitter:label1\" content=\"Napisane przez\" \/>\n\t<meta name=\"twitter:data1\" content=\"Zesp\u00f3\u0142 FUCHS\" \/>\n\t<meta name=\"twitter:label2\" content=\"Szacowany czas czytania\" \/>\n\t<meta name=\"twitter:data2\" content=\"7 minut\" \/>\n<script type=\"application\/ld+json\" class=\"yoast-schema-graph\">{\"@context\":\"https:\\\/\\\/schema.org\",\"@graph\":[{\"@type\":\"Article\",\"@id\":\"https:\\\/\\\/welubricate.fuchs.com\\\/pl\\\/people\\\/ignacy-lukasiewicz-polak-ktory-rozswietlil-mrok\\\/#article\",\"isPartOf\":{\"@id\":\"https:\\\/\\\/welubricate.fuchs.com\\\/pl\\\/people\\\/ignacy-lukasiewicz-polak-ktory-rozswietlil-mrok\\\/\"},\"author\":{\"name\":\"Zesp\u00f3\u0142 FUCHS\",\"@id\":\"https:\\\/\\\/welubricate.fuchs.com\\\/pl\\\/#\\\/schema\\\/person\\\/c5cab794fcd1bd37b747ca0d824b886c\"},\"headline\":\"Ignacy \u0141ukasiewicz\",\"datePublished\":\"2019-02-06T07:05:29+00:00\",\"dateModified\":\"2024-07-01T11:35:11+00:00\",\"mainEntityOfPage\":{\"@id\":\"https:\\\/\\\/welubricate.fuchs.com\\\/pl\\\/people\\\/ignacy-lukasiewicz-polak-ktory-rozswietlil-mrok\\\/\"},\"wordCount\":3,\"commentCount\":0,\"image\":{\"@id\":\"https:\\\/\\\/welubricate.fuchs.com\\\/pl\\\/people\\\/ignacy-lukasiewicz-polak-ktory-rozswietlil-mrok\\\/#primaryimage\"},\"thumbnailUrl\":\"https:\\\/\\\/welubricate.fuchs.com\\\/wp-content\\\/uploads\\\/2019\\\/02\\\/lukasiewicz_s.png\",\"keywords\":[\"ciekawa posta\u0107\"],\"articleSection\":[\"People\",\"Przemys\u0142\"],\"inLanguage\":\"pl-PL\",\"potentialAction\":[{\"@type\":\"CommentAction\",\"name\":\"Comment\",\"target\":[\"https:\\\/\\\/welubricate.fuchs.com\\\/pl\\\/people\\\/ignacy-lukasiewicz-polak-ktory-rozswietlil-mrok\\\/#respond\"]}]},{\"@type\":\"WebPage\",\"@id\":\"https:\\\/\\\/welubricate.fuchs.com\\\/pl\\\/people\\\/ignacy-lukasiewicz-polak-ktory-rozswietlil-mrok\\\/\",\"url\":\"https:\\\/\\\/welubricate.fuchs.com\\\/pl\\\/people\\\/ignacy-lukasiewicz-polak-ktory-rozswietlil-mrok\\\/\",\"name\":\"Ignacy \u0141ukasiewicz - welubricate.fuchs.com\\\/pl\",\"isPartOf\":{\"@id\":\"https:\\\/\\\/welubricate.fuchs.com\\\/pl\\\/#website\"},\"primaryImageOfPage\":{\"@id\":\"https:\\\/\\\/welubricate.fuchs.com\\\/pl\\\/people\\\/ignacy-lukasiewicz-polak-ktory-rozswietlil-mrok\\\/#primaryimage\"},\"image\":{\"@id\":\"https:\\\/\\\/welubricate.fuchs.com\\\/pl\\\/people\\\/ignacy-lukasiewicz-polak-ktory-rozswietlil-mrok\\\/#primaryimage\"},\"thumbnailUrl\":\"https:\\\/\\\/welubricate.fuchs.com\\\/wp-content\\\/uploads\\\/2019\\\/02\\\/lukasiewicz_s.png\",\"datePublished\":\"2019-02-06T07:05:29+00:00\",\"dateModified\":\"2024-07-01T11:35:11+00:00\",\"author\":{\"@id\":\"https:\\\/\\\/welubricate.fuchs.com\\\/pl\\\/#\\\/schema\\\/person\\\/c5cab794fcd1bd37b747ca0d824b886c\"},\"inLanguage\":\"pl-PL\",\"potentialAction\":[{\"@type\":\"ReadAction\",\"target\":[\"https:\\\/\\\/welubricate.fuchs.com\\\/pl\\\/people\\\/ignacy-lukasiewicz-polak-ktory-rozswietlil-mrok\\\/\"]}]},{\"@type\":\"ImageObject\",\"inLanguage\":\"pl-PL\",\"@id\":\"https:\\\/\\\/welubricate.fuchs.com\\\/pl\\\/people\\\/ignacy-lukasiewicz-polak-ktory-rozswietlil-mrok\\\/#primaryimage\",\"url\":\"https:\\\/\\\/welubricate.fuchs.com\\\/wp-content\\\/uploads\\\/2019\\\/02\\\/lukasiewicz_s.png\",\"contentUrl\":\"https:\\\/\\\/welubricate.fuchs.com\\\/wp-content\\\/uploads\\\/2019\\\/02\\\/lukasiewicz_s.png\",\"width\":2080,\"height\":290},{\"@type\":\"WebSite\",\"@id\":\"https:\\\/\\\/welubricate.fuchs.com\\\/pl\\\/#website\",\"url\":\"https:\\\/\\\/welubricate.fuchs.com\\\/pl\\\/\",\"name\":\"welubricate.fuchs.com\\\/pl\",\"description\":\"Portal ekspercki o olejach i smarach\",\"potentialAction\":[{\"@type\":\"SearchAction\",\"target\":{\"@type\":\"EntryPoint\",\"urlTemplate\":\"https:\\\/\\\/welubricate.fuchs.com\\\/pl\\\/?s={search_term_string}\"},\"query-input\":{\"@type\":\"PropertyValueSpecification\",\"valueRequired\":true,\"valueName\":\"search_term_string\"}}],\"inLanguage\":\"pl-PL\"},{\"@type\":\"Person\",\"@id\":\"https:\\\/\\\/welubricate.fuchs.com\\\/pl\\\/#\\\/schema\\\/person\\\/c5cab794fcd1bd37b747ca0d824b886c\",\"name\":\"Zesp\u00f3\u0142 FUCHS\",\"image\":{\"@type\":\"ImageObject\",\"inLanguage\":\"pl-PL\",\"@id\":\"https:\\\/\\\/welubricate.fuchs.com\\\/wp-content\\\/uploads\\\/2024\\\/05\\\/fuchs-claim-150x150.jpg\",\"url\":\"https:\\\/\\\/welubricate.fuchs.com\\\/wp-content\\\/uploads\\\/2024\\\/05\\\/fuchs-claim-150x150.jpg\",\"contentUrl\":\"https:\\\/\\\/welubricate.fuchs.com\\\/wp-content\\\/uploads\\\/2024\\\/05\\\/fuchs-claim-150x150.jpg\",\"caption\":\"Zesp\u00f3\u0142 FUCHS\"},\"description\":\"Inspirujemy i motywujemy. Grupa FUCHS to firma z niemieckimi korzeniami, kt\u00f3ra opracowuje, produkuje i sprzedaje \u015brodki smarne oraz produkty pokrewne od ponad 85 lat \u2013 dla praktycznie wszystkich obszar\u00f3w zastosowa\u0144 i sektor\u00f3w. Firma FUCHS to synonim obietnicy: technologia, kt\u00f3ra si\u0119 op\u0142aca.\",\"url\":\"https:\\\/\\\/welubricate.fuchs.com\\\/pl\\\/author\\\/contenthub\\\/\"}]}<\/script>\n<!-- \/ Yoast SEO plugin. -->","yoast_head_json":{"title":"Ignacy \u0141ukasiewicz - welubricate.fuchs.com\/pl","robots":{"index":"index","follow":"follow","max-snippet":"max-snippet:-1","max-image-preview":"max-image-preview:large","max-video-preview":"max-video-preview:-1"},"canonical":"https:\/\/welubricate.fuchs.com\/pl\/people\/ignacy-lukasiewicz-polak-ktory-rozswietlil-mrok\/","og_locale":"pl_PL","og_type":"article","og_title":"Ignacy \u0141ukasiewicz - welubricate.fuchs.com\/pl","og_description":"Ignacy \u0141ukasiewicz za\u0142o\u017cy\u0142 pierwsz\u0105 na \u015bwiecie kopalni\u0119 ropy naftowej.","og_url":"https:\/\/welubricate.fuchs.com\/pl\/people\/ignacy-lukasiewicz-polak-ktory-rozswietlil-mrok\/","og_site_name":"welubricate.fuchs.com\/pl","article_published_time":"2019-02-06T07:05:29+00:00","article_modified_time":"2024-07-01T11:35:11+00:00","og_image":[{"width":2080,"height":290,"url":"https:\/\/welubricate.fuchs.com\/wp-content\/uploads\/2019\/02\/lukasiewicz_s.png","type":"image\/png"}],"author":"Zesp\u00f3\u0142 FUCHS","twitter_card":"summary_large_image","twitter_misc":{"Napisane przez":"Zesp\u00f3\u0142 FUCHS","Szacowany czas czytania":"7 minut"},"schema":{"@context":"https:\/\/schema.org","@graph":[{"@type":"Article","@id":"https:\/\/welubricate.fuchs.com\/pl\/people\/ignacy-lukasiewicz-polak-ktory-rozswietlil-mrok\/#article","isPartOf":{"@id":"https:\/\/welubricate.fuchs.com\/pl\/people\/ignacy-lukasiewicz-polak-ktory-rozswietlil-mrok\/"},"author":{"name":"Zesp\u00f3\u0142 FUCHS","@id":"https:\/\/welubricate.fuchs.com\/pl\/#\/schema\/person\/c5cab794fcd1bd37b747ca0d824b886c"},"headline":"Ignacy \u0141ukasiewicz","datePublished":"2019-02-06T07:05:29+00:00","dateModified":"2024-07-01T11:35:11+00:00","mainEntityOfPage":{"@id":"https:\/\/welubricate.fuchs.com\/pl\/people\/ignacy-lukasiewicz-polak-ktory-rozswietlil-mrok\/"},"wordCount":3,"commentCount":0,"image":{"@id":"https:\/\/welubricate.fuchs.com\/pl\/people\/ignacy-lukasiewicz-polak-ktory-rozswietlil-mrok\/#primaryimage"},"thumbnailUrl":"https:\/\/welubricate.fuchs.com\/wp-content\/uploads\/2019\/02\/lukasiewicz_s.png","keywords":["ciekawa posta\u0107"],"articleSection":["People","Przemys\u0142"],"inLanguage":"pl-PL","potentialAction":[{"@type":"CommentAction","name":"Comment","target":["https:\/\/welubricate.fuchs.com\/pl\/people\/ignacy-lukasiewicz-polak-ktory-rozswietlil-mrok\/#respond"]}]},{"@type":"WebPage","@id":"https:\/\/welubricate.fuchs.com\/pl\/people\/ignacy-lukasiewicz-polak-ktory-rozswietlil-mrok\/","url":"https:\/\/welubricate.fuchs.com\/pl\/people\/ignacy-lukasiewicz-polak-ktory-rozswietlil-mrok\/","name":"Ignacy \u0141ukasiewicz - welubricate.fuchs.com\/pl","isPartOf":{"@id":"https:\/\/welubricate.fuchs.com\/pl\/#website"},"primaryImageOfPage":{"@id":"https:\/\/welubricate.fuchs.com\/pl\/people\/ignacy-lukasiewicz-polak-ktory-rozswietlil-mrok\/#primaryimage"},"image":{"@id":"https:\/\/welubricate.fuchs.com\/pl\/people\/ignacy-lukasiewicz-polak-ktory-rozswietlil-mrok\/#primaryimage"},"thumbnailUrl":"https:\/\/welubricate.fuchs.com\/wp-content\/uploads\/2019\/02\/lukasiewicz_s.png","datePublished":"2019-02-06T07:05:29+00:00","dateModified":"2024-07-01T11:35:11+00:00","author":{"@id":"https:\/\/welubricate.fuchs.com\/pl\/#\/schema\/person\/c5cab794fcd1bd37b747ca0d824b886c"},"inLanguage":"pl-PL","potentialAction":[{"@type":"ReadAction","target":["https:\/\/welubricate.fuchs.com\/pl\/people\/ignacy-lukasiewicz-polak-ktory-rozswietlil-mrok\/"]}]},{"@type":"ImageObject","inLanguage":"pl-PL","@id":"https:\/\/welubricate.fuchs.com\/pl\/people\/ignacy-lukasiewicz-polak-ktory-rozswietlil-mrok\/#primaryimage","url":"https:\/\/welubricate.fuchs.com\/wp-content\/uploads\/2019\/02\/lukasiewicz_s.png","contentUrl":"https:\/\/welubricate.fuchs.com\/wp-content\/uploads\/2019\/02\/lukasiewicz_s.png","width":2080,"height":290},{"@type":"WebSite","@id":"https:\/\/welubricate.fuchs.com\/pl\/#website","url":"https:\/\/welubricate.fuchs.com\/pl\/","name":"welubricate.fuchs.com\/pl","description":"Portal ekspercki o olejach i smarach","potentialAction":[{"@type":"SearchAction","target":{"@type":"EntryPoint","urlTemplate":"https:\/\/welubricate.fuchs.com\/pl\/?s={search_term_string}"},"query-input":{"@type":"PropertyValueSpecification","valueRequired":true,"valueName":"search_term_string"}}],"inLanguage":"pl-PL"},{"@type":"Person","@id":"https:\/\/welubricate.fuchs.com\/pl\/#\/schema\/person\/c5cab794fcd1bd37b747ca0d824b886c","name":"Zesp\u00f3\u0142 FUCHS","image":{"@type":"ImageObject","inLanguage":"pl-PL","@id":"https:\/\/welubricate.fuchs.com\/wp-content\/uploads\/2024\/05\/fuchs-claim-150x150.jpg","url":"https:\/\/welubricate.fuchs.com\/wp-content\/uploads\/2024\/05\/fuchs-claim-150x150.jpg","contentUrl":"https:\/\/welubricate.fuchs.com\/wp-content\/uploads\/2024\/05\/fuchs-claim-150x150.jpg","caption":"Zesp\u00f3\u0142 FUCHS"},"description":"Inspirujemy i motywujemy. Grupa FUCHS to firma z niemieckimi korzeniami, kt\u00f3ra opracowuje, produkuje i sprzedaje \u015brodki smarne oraz produkty pokrewne od ponad 85 lat \u2013 dla praktycznie wszystkich obszar\u00f3w zastosowa\u0144 i sektor\u00f3w. Firma FUCHS to synonim obietnicy: technologia, kt\u00f3ra si\u0119 op\u0142aca.","url":"https:\/\/welubricate.fuchs.com\/pl\/author\/contenthub\/"}]}},"_links":{"self":[{"href":"https:\/\/welubricate.fuchs.com\/pl\/wp-json\/wp\/v2\/posts\/1127","targetHints":{"allow":["GET"]}}],"collection":[{"href":"https:\/\/welubricate.fuchs.com\/pl\/wp-json\/wp\/v2\/posts"}],"about":[{"href":"https:\/\/welubricate.fuchs.com\/pl\/wp-json\/wp\/v2\/types\/post"}],"author":[{"embeddable":true,"href":"https:\/\/welubricate.fuchs.com\/pl\/wp-json\/wp\/v2\/users\/2"}],"replies":[{"embeddable":true,"href":"https:\/\/welubricate.fuchs.com\/pl\/wp-json\/wp\/v2\/comments?post=1127"}],"version-history":[{"count":7,"href":"https:\/\/welubricate.fuchs.com\/pl\/wp-json\/wp\/v2\/posts\/1127\/revisions"}],"predecessor-version":[{"id":2768,"href":"https:\/\/welubricate.fuchs.com\/pl\/wp-json\/wp\/v2\/posts\/1127\/revisions\/2768"}],"wp:featuredmedia":[{"embeddable":true,"href":"https:\/\/welubricate.fuchs.com\/pl\/wp-json\/wp\/v2\/media\/3130"}],"wp:attachment":[{"href":"https:\/\/welubricate.fuchs.com\/pl\/wp-json\/wp\/v2\/media?parent=1127"}],"wp:term":[{"taxonomy":"category","embeddable":true,"href":"https:\/\/welubricate.fuchs.com\/pl\/wp-json\/wp\/v2\/categories?post=1127"},{"taxonomy":"post_tag","embeddable":true,"href":"https:\/\/welubricate.fuchs.com\/pl\/wp-json\/wp\/v2\/tags?post=1127"}],"curies":[{"name":"wp","href":"https:\/\/api.w.org\/{rel}","templated":true}]}}