{"id":11097,"date":"2025-01-29T22:31:59","date_gmt":"2025-01-29T21:31:59","guid":{"rendered":"https:\/\/welubricate.fuchs.com\/?p=11097"},"modified":"2025-02-01T15:34:39","modified_gmt":"2025-02-01T14:34:39","slug":"rozpocznij-sezon-rolniczy-z-odpowiednimi-olejami-dla-twoich-maszyn","status":"publish","type":"post","link":"https:\/\/welubricate.fuchs.com\/pl\/rolnictwo\/rozpocznij-sezon-rolniczy-z-odpowiednimi-olejami-dla-twoich-maszyn\/","title":{"rendered":"Rozpocznij sezon rolniczy z odpowiednimi olejami dla Twoich maszyn"},"content":{"rendered":"","protected":false},"excerpt":{"rendered":"","protected":false},"author":3,"featured_media":11106,"comment_status":"open","ping_status":"open","sticky":false,"template":"","format":"standard","meta":{"_acf_changed":false,"footnotes":""},"categories":[523],"tags":[163,11,152,1569],"class_list":["post-11097","post","type-post","status-publish","format-standard","has-post-thumbnail","hentry","category-rolnictwo","tag-eksploatacja-maszyny-rolniczej","tag-olej-do-maszyn-rolniczych","tag-oleje-agrifarm","tag-przygotowanie-maszyn-rolniczych"],"acf":[],"yoast_head":"<!-- This site is optimized with the Yoast SEO plugin v27.4 - https:\/\/yoast.com\/product\/yoast-seo-wordpress\/ -->\n<title>Rozpocznij sezon rolniczy z odpowiednimi olejami dla Twoich maszyn - welubricate.fuchs.com\/pl<\/title>\n<meta name=\"robots\" content=\"index, follow, max-snippet:-1, max-image-preview:large, max-video-preview:-1\" \/>\n<link rel=\"canonical\" href=\"https:\/\/welubricate.fuchs.com\/pl\/rolnictwo\/rozpocznij-sezon-rolniczy-z-odpowiednimi-olejami-dla-twoich-maszyn\/\" \/>\n<meta property=\"og:locale\" content=\"pl_PL\" \/>\n<meta property=\"og:type\" content=\"article\" \/>\n<meta property=\"og:title\" content=\"Rozpocznij sezon rolniczy z odpowiednimi olejami dla Twoich maszyn - welubricate.fuchs.com\/pl\" \/>\n<meta property=\"og:url\" content=\"https:\/\/welubricate.fuchs.com\/pl\/rolnictwo\/rozpocznij-sezon-rolniczy-z-odpowiednimi-olejami-dla-twoich-maszyn\/\" \/>\n<meta property=\"og:site_name\" content=\"welubricate.fuchs.com\/pl\" \/>\n<meta property=\"article:published_time\" content=\"2025-01-29T21:31:59+00:00\" \/>\n<meta property=\"article:modified_time\" content=\"2025-02-01T14:34:39+00:00\" \/>\n<meta property=\"og:image\" content=\"https:\/\/welubricate.fuchs.com\/wp-content\/uploads\/2025\/02\/przygotowanie-maszyn-rolniczych-1024x640.png\" \/>\n\t<meta property=\"og:image:width\" content=\"1024\" \/>\n\t<meta property=\"og:image:height\" content=\"640\" \/>\n\t<meta property=\"og:image:type\" content=\"image\/png\" \/>\n<meta name=\"author\" content=\"Lech Lasek\" \/>\n<meta name=\"twitter:card\" content=\"summary_large_image\" \/>\n<meta name=\"twitter:label1\" content=\"Napisane przez\" \/>\n\t<meta name=\"twitter:data1\" content=\"Lech Lasek\" \/>\n\t<meta name=\"twitter:label2\" content=\"Szacowany czas czytania\" \/>\n\t<meta name=\"twitter:data2\" content=\"3 minuty\" \/>\n<script type=\"application\/ld+json\" class=\"yoast-schema-graph\">{\"@context\":\"https:\\\/\\\/schema.org\",\"@graph\":[{\"@type\":\"Article\",\"@id\":\"https:\\\/\\\/welubricate.fuchs.com\\\/pl\\\/rolnictwo\\\/rozpocznij-sezon-rolniczy-z-odpowiednimi-olejami-dla-twoich-maszyn\\\/#article\",\"isPartOf\":{\"@id\":\"https:\\\/\\\/welubricate.fuchs.com\\\/pl\\\/rolnictwo\\\/rozpocznij-sezon-rolniczy-z-odpowiednimi-olejami-dla-twoich-maszyn\\\/\"},\"author\":{\"name\":\"Lech Lasek\",\"@id\":\"https:\\\/\\\/welubricate.fuchs.com\\\/pl\\\/#\\\/schema\\\/person\\\/4c887966085379142f6a1c978a0c6a0e\"},\"headline\":\"Rozpocznij sezon rolniczy z odpowiednimi olejami dla Twoich maszyn\",\"datePublished\":\"2025-01-29T21:31:59+00:00\",\"dateModified\":\"2025-02-01T14:34:39+00:00\",\"mainEntityOfPage\":{\"@id\":\"https:\\\/\\\/welubricate.fuchs.com\\\/pl\\\/rolnictwo\\\/rozpocznij-sezon-rolniczy-z-odpowiednimi-olejami-dla-twoich-maszyn\\\/\"},\"wordCount\":9,\"commentCount\":0,\"image\":{\"@id\":\"https:\\\/\\\/welubricate.fuchs.com\\\/pl\\\/rolnictwo\\\/rozpocznij-sezon-rolniczy-z-odpowiednimi-olejami-dla-twoich-maszyn\\\/#primaryimage\"},\"thumbnailUrl\":\"https:\\\/\\\/welubricate.fuchs.com\\\/wp-content\\\/uploads\\\/2025\\\/02\\\/przygotowanie-maszyn-rolniczych.png\",\"keywords\":[\"eksploatacja maszyny rolniczej\",\"olej do maszyn rolniczych\",\"oleje AGRIFARM\",\"przygotowanie maszyn rolniczych\"],\"articleSection\":[\"Rolnictwo\"],\"inLanguage\":\"pl-PL\",\"potentialAction\":[{\"@type\":\"CommentAction\",\"name\":\"Comment\",\"target\":[\"https:\\\/\\\/welubricate.fuchs.com\\\/pl\\\/rolnictwo\\\/rozpocznij-sezon-rolniczy-z-odpowiednimi-olejami-dla-twoich-maszyn\\\/#respond\"]}]},{\"@type\":\"WebPage\",\"@id\":\"https:\\\/\\\/welubricate.fuchs.com\\\/pl\\\/rolnictwo\\\/rozpocznij-sezon-rolniczy-z-odpowiednimi-olejami-dla-twoich-maszyn\\\/\",\"url\":\"https:\\\/\\\/welubricate.fuchs.com\\\/pl\\\/rolnictwo\\\/rozpocznij-sezon-rolniczy-z-odpowiednimi-olejami-dla-twoich-maszyn\\\/\",\"name\":\"Rozpocznij sezon rolniczy z odpowiednimi olejami dla Twoich maszyn - welubricate.fuchs.com\\\/pl\",\"isPartOf\":{\"@id\":\"https:\\\/\\\/welubricate.fuchs.com\\\/pl\\\/#website\"},\"primaryImageOfPage\":{\"@id\":\"https:\\\/\\\/welubricate.fuchs.com\\\/pl\\\/rolnictwo\\\/rozpocznij-sezon-rolniczy-z-odpowiednimi-olejami-dla-twoich-maszyn\\\/#primaryimage\"},\"image\":{\"@id\":\"https:\\\/\\\/welubricate.fuchs.com\\\/pl\\\/rolnictwo\\\/rozpocznij-sezon-rolniczy-z-odpowiednimi-olejami-dla-twoich-maszyn\\\/#primaryimage\"},\"thumbnailUrl\":\"https:\\\/\\\/welubricate.fuchs.com\\\/wp-content\\\/uploads\\\/2025\\\/02\\\/przygotowanie-maszyn-rolniczych.png\",\"datePublished\":\"2025-01-29T21:31:59+00:00\",\"dateModified\":\"2025-02-01T14:34:39+00:00\",\"author\":{\"@id\":\"https:\\\/\\\/welubricate.fuchs.com\\\/pl\\\/#\\\/schema\\\/person\\\/4c887966085379142f6a1c978a0c6a0e\"},\"inLanguage\":\"pl-PL\",\"potentialAction\":[{\"@type\":\"ReadAction\",\"target\":[\"https:\\\/\\\/welubricate.fuchs.com\\\/pl\\\/rolnictwo\\\/rozpocznij-sezon-rolniczy-z-odpowiednimi-olejami-dla-twoich-maszyn\\\/\"]}]},{\"@type\":\"ImageObject\",\"inLanguage\":\"pl-PL\",\"@id\":\"https:\\\/\\\/welubricate.fuchs.com\\\/pl\\\/rolnictwo\\\/rozpocznij-sezon-rolniczy-z-odpowiednimi-olejami-dla-twoich-maszyn\\\/#primaryimage\",\"url\":\"https:\\\/\\\/welubricate.fuchs.com\\\/wp-content\\\/uploads\\\/2025\\\/02\\\/przygotowanie-maszyn-rolniczych.png\",\"contentUrl\":\"https:\\\/\\\/welubricate.fuchs.com\\\/wp-content\\\/uploads\\\/2025\\\/02\\\/przygotowanie-maszyn-rolniczych.png\",\"width\":2048,\"height\":1280},{\"@type\":\"WebSite\",\"@id\":\"https:\\\/\\\/welubricate.fuchs.com\\\/pl\\\/#website\",\"url\":\"https:\\\/\\\/welubricate.fuchs.com\\\/pl\\\/\",\"name\":\"welubricate.fuchs.com\\\/pl\",\"description\":\"Portal ekspercki o olejach i smarach\",\"potentialAction\":[{\"@type\":\"SearchAction\",\"target\":{\"@type\":\"EntryPoint\",\"urlTemplate\":\"https:\\\/\\\/welubricate.fuchs.com\\\/pl\\\/?s={search_term_string}\"},\"query-input\":{\"@type\":\"PropertyValueSpecification\",\"valueRequired\":true,\"valueName\":\"search_term_string\"}}],\"inLanguage\":\"pl-PL\"},{\"@type\":\"Person\",\"@id\":\"https:\\\/\\\/welubricate.fuchs.com\\\/pl\\\/#\\\/schema\\\/person\\\/4c887966085379142f6a1c978a0c6a0e\",\"name\":\"Lech Lasek\",\"image\":{\"@type\":\"ImageObject\",\"inLanguage\":\"pl-PL\",\"@id\":\"https:\\\/\\\/welubricate.fuchs.com\\\/wp-content\\\/uploads\\\/2024\\\/06\\\/lech-lasek-150x150.jpg\",\"url\":\"https:\\\/\\\/welubricate.fuchs.com\\\/wp-content\\\/uploads\\\/2024\\\/06\\\/lech-lasek-150x150.jpg\",\"contentUrl\":\"https:\\\/\\\/welubricate.fuchs.com\\\/wp-content\\\/uploads\\\/2024\\\/06\\\/lech-lasek-150x150.jpg\",\"caption\":\"Lech Lasek\"},\"description\":\"Mened\u017cer Produktu ds. Motoryzacyjnych \u015arodk\u00f3w Smarnych. W firmie FUCHS pracuj\u0119 nad rozwojem wybranych motoryzacyjnych \u015brodk\u00f3w smarnych, ze szczeg\u00f3lnym uwzgl\u0119dnieniem linii produkt\u00f3w AGRIFARM oraz OEM. Doradzam jakie oleje czy smary nale\u017cy zastosowa\u0107. Wyja\u015bniam, t\u0142umacz\u0119 bran\u017cowe zagadnienia techniczne. Prowadz\u0119 szkolenia oraz r\u00f3\u017cnego typu wyst\u0105pienia. Jestem pasjonatem motoryzacji, kt\u00f3ry w wolnych chwilach je\u017adzi motocyklem oraz sp\u0119dza godziny na dyskusjach o samochodach.\",\"sameAs\":[\"https:\\\/\\\/www.linkedin.com\\\/in\\\/lechlasek\\\/\"],\"url\":\"https:\\\/\\\/welubricate.fuchs.com\\\/pl\\\/author\\\/lech-lasek\\\/\"}]}<\/script>\n<!-- \/ Yoast SEO plugin. -->","yoast_head_json":{"title":"Rozpocznij sezon rolniczy z odpowiednimi olejami dla Twoich maszyn - welubricate.fuchs.com\/pl","robots":{"index":"index","follow":"follow","max-snippet":"max-snippet:-1","max-image-preview":"max-image-preview:large","max-video-preview":"max-video-preview:-1"},"canonical":"https:\/\/welubricate.fuchs.com\/pl\/rolnictwo\/rozpocznij-sezon-rolniczy-z-odpowiednimi-olejami-dla-twoich-maszyn\/","og_locale":"pl_PL","og_type":"article","og_title":"Rozpocznij sezon rolniczy z odpowiednimi olejami dla Twoich maszyn - welubricate.fuchs.com\/pl","og_url":"https:\/\/welubricate.fuchs.com\/pl\/rolnictwo\/rozpocznij-sezon-rolniczy-z-odpowiednimi-olejami-dla-twoich-maszyn\/","og_site_name":"welubricate.fuchs.com\/pl","article_published_time":"2025-01-29T21:31:59+00:00","article_modified_time":"2025-02-01T14:34:39+00:00","og_image":[{"width":1024,"height":640,"url":"https:\/\/welubricate.fuchs.com\/wp-content\/uploads\/2025\/02\/przygotowanie-maszyn-rolniczych-1024x640.png","type":"image\/png"}],"author":"Lech Lasek","twitter_card":"summary_large_image","twitter_misc":{"Napisane przez":"Lech Lasek","Szacowany czas czytania":"3 minuty"},"schema":{"@context":"https:\/\/schema.org","@graph":[{"@type":"Article","@id":"https:\/\/welubricate.fuchs.com\/pl\/rolnictwo\/rozpocznij-sezon-rolniczy-z-odpowiednimi-olejami-dla-twoich-maszyn\/#article","isPartOf":{"@id":"https:\/\/welubricate.fuchs.com\/pl\/rolnictwo\/rozpocznij-sezon-rolniczy-z-odpowiednimi-olejami-dla-twoich-maszyn\/"},"author":{"name":"Lech Lasek","@id":"https:\/\/welubricate.fuchs.com\/pl\/#\/schema\/person\/4c887966085379142f6a1c978a0c6a0e"},"headline":"Rozpocznij sezon rolniczy z odpowiednimi olejami dla Twoich maszyn","datePublished":"2025-01-29T21:31:59+00:00","dateModified":"2025-02-01T14:34:39+00:00","mainEntityOfPage":{"@id":"https:\/\/welubricate.fuchs.com\/pl\/rolnictwo\/rozpocznij-sezon-rolniczy-z-odpowiednimi-olejami-dla-twoich-maszyn\/"},"wordCount":9,"commentCount":0,"image":{"@id":"https:\/\/welubricate.fuchs.com\/pl\/rolnictwo\/rozpocznij-sezon-rolniczy-z-odpowiednimi-olejami-dla-twoich-maszyn\/#primaryimage"},"thumbnailUrl":"https:\/\/welubricate.fuchs.com\/wp-content\/uploads\/2025\/02\/przygotowanie-maszyn-rolniczych.png","keywords":["eksploatacja maszyny rolniczej","olej do maszyn rolniczych","oleje AGRIFARM","przygotowanie maszyn rolniczych"],"articleSection":["Rolnictwo"],"inLanguage":"pl-PL","potentialAction":[{"@type":"CommentAction","name":"Comment","target":["https:\/\/welubricate.fuchs.com\/pl\/rolnictwo\/rozpocznij-sezon-rolniczy-z-odpowiednimi-olejami-dla-twoich-maszyn\/#respond"]}]},{"@type":"WebPage","@id":"https:\/\/welubricate.fuchs.com\/pl\/rolnictwo\/rozpocznij-sezon-rolniczy-z-odpowiednimi-olejami-dla-twoich-maszyn\/","url":"https:\/\/welubricate.fuchs.com\/pl\/rolnictwo\/rozpocznij-sezon-rolniczy-z-odpowiednimi-olejami-dla-twoich-maszyn\/","name":"Rozpocznij sezon rolniczy z odpowiednimi olejami dla Twoich maszyn - welubricate.fuchs.com\/pl","isPartOf":{"@id":"https:\/\/welubricate.fuchs.com\/pl\/#website"},"primaryImageOfPage":{"@id":"https:\/\/welubricate.fuchs.com\/pl\/rolnictwo\/rozpocznij-sezon-rolniczy-z-odpowiednimi-olejami-dla-twoich-maszyn\/#primaryimage"},"image":{"@id":"https:\/\/welubricate.fuchs.com\/pl\/rolnictwo\/rozpocznij-sezon-rolniczy-z-odpowiednimi-olejami-dla-twoich-maszyn\/#primaryimage"},"thumbnailUrl":"https:\/\/welubricate.fuchs.com\/wp-content\/uploads\/2025\/02\/przygotowanie-maszyn-rolniczych.png","datePublished":"2025-01-29T21:31:59+00:00","dateModified":"2025-02-01T14:34:39+00:00","author":{"@id":"https:\/\/welubricate.fuchs.com\/pl\/#\/schema\/person\/4c887966085379142f6a1c978a0c6a0e"},"inLanguage":"pl-PL","potentialAction":[{"@type":"ReadAction","target":["https:\/\/welubricate.fuchs.com\/pl\/rolnictwo\/rozpocznij-sezon-rolniczy-z-odpowiednimi-olejami-dla-twoich-maszyn\/"]}]},{"@type":"ImageObject","inLanguage":"pl-PL","@id":"https:\/\/welubricate.fuchs.com\/pl\/rolnictwo\/rozpocznij-sezon-rolniczy-z-odpowiednimi-olejami-dla-twoich-maszyn\/#primaryimage","url":"https:\/\/welubricate.fuchs.com\/wp-content\/uploads\/2025\/02\/przygotowanie-maszyn-rolniczych.png","contentUrl":"https:\/\/welubricate.fuchs.com\/wp-content\/uploads\/2025\/02\/przygotowanie-maszyn-rolniczych.png","width":2048,"height":1280},{"@type":"WebSite","@id":"https:\/\/welubricate.fuchs.com\/pl\/#website","url":"https:\/\/welubricate.fuchs.com\/pl\/","name":"welubricate.fuchs.com\/pl","description":"Portal ekspercki o olejach i smarach","potentialAction":[{"@type":"SearchAction","target":{"@type":"EntryPoint","urlTemplate":"https:\/\/welubricate.fuchs.com\/pl\/?s={search_term_string}"},"query-input":{"@type":"PropertyValueSpecification","valueRequired":true,"valueName":"search_term_string"}}],"inLanguage":"pl-PL"},{"@type":"Person","@id":"https:\/\/welubricate.fuchs.com\/pl\/#\/schema\/person\/4c887966085379142f6a1c978a0c6a0e","name":"Lech Lasek","image":{"@type":"ImageObject","inLanguage":"pl-PL","@id":"https:\/\/welubricate.fuchs.com\/wp-content\/uploads\/2024\/06\/lech-lasek-150x150.jpg","url":"https:\/\/welubricate.fuchs.com\/wp-content\/uploads\/2024\/06\/lech-lasek-150x150.jpg","contentUrl":"https:\/\/welubricate.fuchs.com\/wp-content\/uploads\/2024\/06\/lech-lasek-150x150.jpg","caption":"Lech Lasek"},"description":"Mened\u017cer Produktu ds. Motoryzacyjnych \u015arodk\u00f3w Smarnych. W firmie FUCHS pracuj\u0119 nad rozwojem wybranych motoryzacyjnych \u015brodk\u00f3w smarnych, ze szczeg\u00f3lnym uwzgl\u0119dnieniem linii produkt\u00f3w AGRIFARM oraz OEM. Doradzam jakie oleje czy smary nale\u017cy zastosowa\u0107. Wyja\u015bniam, t\u0142umacz\u0119 bran\u017cowe zagadnienia techniczne. Prowadz\u0119 szkolenia oraz r\u00f3\u017cnego typu wyst\u0105pienia. Jestem pasjonatem motoryzacji, kt\u00f3ry w wolnych chwilach je\u017adzi motocyklem oraz sp\u0119dza godziny na dyskusjach o samochodach.","sameAs":["https:\/\/www.linkedin.com\/in\/lechlasek\/"],"url":"https:\/\/welubricate.fuchs.com\/pl\/author\/lech-lasek\/"}]}},"_links":{"self":[{"href":"https:\/\/welubricate.fuchs.com\/pl\/wp-json\/wp\/v2\/posts\/11097","targetHints":{"allow":["GET"]}}],"collection":[{"href":"https:\/\/welubricate.fuchs.com\/pl\/wp-json\/wp\/v2\/posts"}],"about":[{"href":"https:\/\/welubricate.fuchs.com\/pl\/wp-json\/wp\/v2\/types\/post"}],"author":[{"embeddable":true,"href":"https:\/\/welubricate.fuchs.com\/pl\/wp-json\/wp\/v2\/users\/3"}],"replies":[{"embeddable":true,"href":"https:\/\/welubricate.fuchs.com\/pl\/wp-json\/wp\/v2\/comments?post=11097"}],"version-history":[{"count":1,"href":"https:\/\/welubricate.fuchs.com\/pl\/wp-json\/wp\/v2\/posts\/11097\/revisions"}],"predecessor-version":[{"id":11114,"href":"https:\/\/welubricate.fuchs.com\/pl\/wp-json\/wp\/v2\/posts\/11097\/revisions\/11114"}],"wp:featuredmedia":[{"embeddable":true,"href":"https:\/\/welubricate.fuchs.com\/pl\/wp-json\/wp\/v2\/media\/11106"}],"wp:attachment":[{"href":"https:\/\/welubricate.fuchs.com\/pl\/wp-json\/wp\/v2\/media?parent=11097"}],"wp:term":[{"taxonomy":"category","embeddable":true,"href":"https:\/\/welubricate.fuchs.com\/pl\/wp-json\/wp\/v2\/categories?post=11097"},{"taxonomy":"post_tag","embeddable":true,"href":"https:\/\/welubricate.fuchs.com\/pl\/wp-json\/wp\/v2\/tags?post=11097"}],"curies":[{"name":"wp","href":"https:\/\/api.w.org\/{rel}","templated":true}]}}