{"id":1002,"date":"2018-11-08T11:07:15","date_gmt":"2018-11-08T10:07:15","guid":{"rendered":"http:\/\/welubricate.fuchs.com\/?p=1002"},"modified":"2024-07-18T13:58:19","modified_gmt":"2024-07-18T11:58:19","slug":"turbosprezarka-potrzebuje-turbo-oleju","status":"publish","type":"post","link":"https:\/\/welubricate.fuchs.com\/pl\/motoryzacja\/turbosprezarka-potrzebuje-turbo-oleju\/","title":{"rendered":"Turbospr\u0119\u017carka potrzebuje turbo oleju"},"content":{"rendered":"","protected":false},"excerpt":{"rendered":"<p>Turbospr\u0119\u017carka dzia\u0142a w ekstremalnie trudnych warunkach, kt\u00f3re wymagaj\u0105 wysokiej klasy oleju.<\/p>\n","protected":false},"author":3,"featured_media":1003,"comment_status":"open","ping_status":"open","sticky":false,"template":"","format":"standard","meta":{"_acf_changed":false,"footnotes":""},"categories":[517,524],"tags":[12],"class_list":["post-1002","post","type-post","status-publish","format-standard","has-post-thumbnail","hentry","category-lubricants","category-motoryzacja","tag-turbosprezarka"],"acf":[],"yoast_head":"<!-- This site is optimized with the Yoast SEO plugin v27.5 - https:\/\/yoast.com\/product\/yoast-seo-wordpress\/ -->\n<title>Turbospr\u0119\u017carka potrzebuje turbo oleju - welubricate.fuchs.com\/pl<\/title>\n<meta name=\"robots\" content=\"index, follow, max-snippet:-1, max-image-preview:large, max-video-preview:-1\" \/>\n<link rel=\"canonical\" href=\"https:\/\/welubricate.fuchs.com\/pl\/motoryzacja\/turbosprezarka-potrzebuje-turbo-oleju\/\" \/>\n<meta property=\"og:locale\" content=\"pl_PL\" \/>\n<meta property=\"og:type\" content=\"article\" \/>\n<meta property=\"og:title\" content=\"Turbospr\u0119\u017carka potrzebuje turbo oleju - welubricate.fuchs.com\/pl\" \/>\n<meta property=\"og:description\" content=\"Turbospr\u0119\u017carka dzia\u0142a w ekstremalnie trudnych warunkach, kt\u00f3re wymagaj\u0105 wysokiej klasy oleju.\" \/>\n<meta property=\"og:url\" content=\"https:\/\/welubricate.fuchs.com\/pl\/motoryzacja\/turbosprezarka-potrzebuje-turbo-oleju\/\" \/>\n<meta property=\"og:site_name\" content=\"welubricate.fuchs.com\/pl\" \/>\n<meta property=\"article:published_time\" content=\"2018-11-08T10:07:15+00:00\" \/>\n<meta property=\"article:modified_time\" content=\"2024-07-18T11:58:19+00:00\" \/>\n<meta property=\"og:image\" content=\"https:\/\/welubricate.fuchs.com\/wp-content\/uploads\/2024\/05\/header_turbosprezarka.jpg\" \/>\n\t<meta property=\"og:image:width\" content=\"2048\" \/>\n\t<meta property=\"og:image:height\" content=\"1280\" \/>\n\t<meta property=\"og:image:type\" content=\"image\/jpeg\" \/>\n<meta name=\"author\" content=\"Lech Lasek\" \/>\n<meta name=\"twitter:card\" content=\"summary_large_image\" \/>\n<meta name=\"twitter:label1\" content=\"Napisane przez\" \/>\n\t<meta name=\"twitter:data1\" content=\"Lech Lasek\" \/>\n\t<meta name=\"twitter:label2\" content=\"Szacowany czas czytania\" \/>\n\t<meta name=\"twitter:data2\" content=\"4 minuty\" \/>\n<script type=\"application\/ld+json\" class=\"yoast-schema-graph\">{\"@context\":\"https:\\\/\\\/schema.org\",\"@graph\":[{\"@type\":\"Article\",\"@id\":\"https:\\\/\\\/welubricate.fuchs.com\\\/pl\\\/motoryzacja\\\/turbosprezarka-potrzebuje-turbo-oleju\\\/#article\",\"isPartOf\":{\"@id\":\"https:\\\/\\\/welubricate.fuchs.com\\\/pl\\\/motoryzacja\\\/turbosprezarka-potrzebuje-turbo-oleju\\\/\"},\"author\":{\"name\":\"Lech Lasek\",\"@id\":\"https:\\\/\\\/welubricate.fuchs.com\\\/pl\\\/#\\\/schema\\\/person\\\/4c887966085379142f6a1c978a0c6a0e\"},\"headline\":\"Turbospr\u0119\u017carka potrzebuje turbo oleju\",\"datePublished\":\"2018-11-08T10:07:15+00:00\",\"dateModified\":\"2024-07-18T11:58:19+00:00\",\"mainEntityOfPage\":{\"@id\":\"https:\\\/\\\/welubricate.fuchs.com\\\/pl\\\/motoryzacja\\\/turbosprezarka-potrzebuje-turbo-oleju\\\/\"},\"wordCount\":5,\"commentCount\":0,\"image\":{\"@id\":\"https:\\\/\\\/welubricate.fuchs.com\\\/pl\\\/motoryzacja\\\/turbosprezarka-potrzebuje-turbo-oleju\\\/#primaryimage\"},\"thumbnailUrl\":\"https:\\\/\\\/welubricate.fuchs.com\\\/wp-content\\\/uploads\\\/2024\\\/05\\\/header_turbosprezarka.jpg\",\"keywords\":[\"turbospr\u0119\u017carka\"],\"articleSection\":[\"Lubricants\",\"Motoryzacja\"],\"inLanguage\":\"pl-PL\",\"potentialAction\":[{\"@type\":\"CommentAction\",\"name\":\"Comment\",\"target\":[\"https:\\\/\\\/welubricate.fuchs.com\\\/pl\\\/motoryzacja\\\/turbosprezarka-potrzebuje-turbo-oleju\\\/#respond\"]}]},{\"@type\":\"WebPage\",\"@id\":\"https:\\\/\\\/welubricate.fuchs.com\\\/pl\\\/motoryzacja\\\/turbosprezarka-potrzebuje-turbo-oleju\\\/\",\"url\":\"https:\\\/\\\/welubricate.fuchs.com\\\/pl\\\/motoryzacja\\\/turbosprezarka-potrzebuje-turbo-oleju\\\/\",\"name\":\"Turbospr\u0119\u017carka potrzebuje turbo oleju - welubricate.fuchs.com\\\/pl\",\"isPartOf\":{\"@id\":\"https:\\\/\\\/welubricate.fuchs.com\\\/pl\\\/#website\"},\"primaryImageOfPage\":{\"@id\":\"https:\\\/\\\/welubricate.fuchs.com\\\/pl\\\/motoryzacja\\\/turbosprezarka-potrzebuje-turbo-oleju\\\/#primaryimage\"},\"image\":{\"@id\":\"https:\\\/\\\/welubricate.fuchs.com\\\/pl\\\/motoryzacja\\\/turbosprezarka-potrzebuje-turbo-oleju\\\/#primaryimage\"},\"thumbnailUrl\":\"https:\\\/\\\/welubricate.fuchs.com\\\/wp-content\\\/uploads\\\/2024\\\/05\\\/header_turbosprezarka.jpg\",\"datePublished\":\"2018-11-08T10:07:15+00:00\",\"dateModified\":\"2024-07-18T11:58:19+00:00\",\"author\":{\"@id\":\"https:\\\/\\\/welubricate.fuchs.com\\\/pl\\\/#\\\/schema\\\/person\\\/4c887966085379142f6a1c978a0c6a0e\"},\"inLanguage\":\"pl-PL\",\"potentialAction\":[{\"@type\":\"ReadAction\",\"target\":[\"https:\\\/\\\/welubricate.fuchs.com\\\/pl\\\/motoryzacja\\\/turbosprezarka-potrzebuje-turbo-oleju\\\/\"]}]},{\"@type\":\"ImageObject\",\"inLanguage\":\"pl-PL\",\"@id\":\"https:\\\/\\\/welubricate.fuchs.com\\\/pl\\\/motoryzacja\\\/turbosprezarka-potrzebuje-turbo-oleju\\\/#primaryimage\",\"url\":\"https:\\\/\\\/welubricate.fuchs.com\\\/wp-content\\\/uploads\\\/2024\\\/05\\\/header_turbosprezarka.jpg\",\"contentUrl\":\"https:\\\/\\\/welubricate.fuchs.com\\\/wp-content\\\/uploads\\\/2024\\\/05\\\/header_turbosprezarka.jpg\",\"width\":2048,\"height\":1280},{\"@type\":\"WebSite\",\"@id\":\"https:\\\/\\\/welubricate.fuchs.com\\\/pl\\\/#website\",\"url\":\"https:\\\/\\\/welubricate.fuchs.com\\\/pl\\\/\",\"name\":\"welubricate.fuchs.com\\\/pl\",\"description\":\"Portal ekspercki o olejach i smarach\",\"potentialAction\":[{\"@type\":\"SearchAction\",\"target\":{\"@type\":\"EntryPoint\",\"urlTemplate\":\"https:\\\/\\\/welubricate.fuchs.com\\\/pl\\\/?s={search_term_string}\"},\"query-input\":{\"@type\":\"PropertyValueSpecification\",\"valueRequired\":true,\"valueName\":\"search_term_string\"}}],\"inLanguage\":\"pl-PL\"},{\"@type\":\"Person\",\"@id\":\"https:\\\/\\\/welubricate.fuchs.com\\\/pl\\\/#\\\/schema\\\/person\\\/4c887966085379142f6a1c978a0c6a0e\",\"name\":\"Lech Lasek\",\"image\":{\"@type\":\"ImageObject\",\"inLanguage\":\"pl-PL\",\"@id\":\"https:\\\/\\\/welubricate.fuchs.com\\\/wp-content\\\/uploads\\\/2024\\\/06\\\/lech-lasek-150x150.jpg\",\"url\":\"https:\\\/\\\/welubricate.fuchs.com\\\/wp-content\\\/uploads\\\/2024\\\/06\\\/lech-lasek-150x150.jpg\",\"contentUrl\":\"https:\\\/\\\/welubricate.fuchs.com\\\/wp-content\\\/uploads\\\/2024\\\/06\\\/lech-lasek-150x150.jpg\",\"caption\":\"Lech Lasek\"},\"description\":\"Mened\u017cer Produktu ds. Motoryzacyjnych \u015arodk\u00f3w Smarnych. W firmie FUCHS pracuj\u0119 nad rozwojem wybranych motoryzacyjnych \u015brodk\u00f3w smarnych, ze szczeg\u00f3lnym uwzgl\u0119dnieniem linii produkt\u00f3w AGRIFARM oraz OEM. Doradzam jakie oleje czy smary nale\u017cy zastosowa\u0107. Wyja\u015bniam, t\u0142umacz\u0119 bran\u017cowe zagadnienia techniczne. Prowadz\u0119 szkolenia oraz r\u00f3\u017cnego typu wyst\u0105pienia. Jestem pasjonatem motoryzacji, kt\u00f3ry w wolnych chwilach je\u017adzi motocyklem oraz sp\u0119dza godziny na dyskusjach o samochodach.\",\"sameAs\":[\"https:\\\/\\\/www.linkedin.com\\\/in\\\/lechlasek\\\/\"],\"url\":\"https:\\\/\\\/welubricate.fuchs.com\\\/pl\\\/author\\\/lech-lasek\\\/\"}]}<\/script>\n<!-- \/ Yoast SEO plugin. -->","yoast_head_json":{"title":"Turbospr\u0119\u017carka potrzebuje turbo oleju - welubricate.fuchs.com\/pl","robots":{"index":"index","follow":"follow","max-snippet":"max-snippet:-1","max-image-preview":"max-image-preview:large","max-video-preview":"max-video-preview:-1"},"canonical":"https:\/\/welubricate.fuchs.com\/pl\/motoryzacja\/turbosprezarka-potrzebuje-turbo-oleju\/","og_locale":"pl_PL","og_type":"article","og_title":"Turbospr\u0119\u017carka potrzebuje turbo oleju - welubricate.fuchs.com\/pl","og_description":"Turbospr\u0119\u017carka dzia\u0142a w ekstremalnie trudnych warunkach, kt\u00f3re wymagaj\u0105 wysokiej klasy oleju.","og_url":"https:\/\/welubricate.fuchs.com\/pl\/motoryzacja\/turbosprezarka-potrzebuje-turbo-oleju\/","og_site_name":"welubricate.fuchs.com\/pl","article_published_time":"2018-11-08T10:07:15+00:00","article_modified_time":"2024-07-18T11:58:19+00:00","og_image":[{"width":2048,"height":1280,"url":"https:\/\/welubricate.fuchs.com\/wp-content\/uploads\/2024\/05\/header_turbosprezarka.jpg","type":"image\/jpeg"}],"author":"Lech Lasek","twitter_card":"summary_large_image","twitter_misc":{"Napisane przez":"Lech Lasek","Szacowany czas czytania":"4 minuty"},"schema":{"@context":"https:\/\/schema.org","@graph":[{"@type":"Article","@id":"https:\/\/welubricate.fuchs.com\/pl\/motoryzacja\/turbosprezarka-potrzebuje-turbo-oleju\/#article","isPartOf":{"@id":"https:\/\/welubricate.fuchs.com\/pl\/motoryzacja\/turbosprezarka-potrzebuje-turbo-oleju\/"},"author":{"name":"Lech Lasek","@id":"https:\/\/welubricate.fuchs.com\/pl\/#\/schema\/person\/4c887966085379142f6a1c978a0c6a0e"},"headline":"Turbospr\u0119\u017carka potrzebuje turbo oleju","datePublished":"2018-11-08T10:07:15+00:00","dateModified":"2024-07-18T11:58:19+00:00","mainEntityOfPage":{"@id":"https:\/\/welubricate.fuchs.com\/pl\/motoryzacja\/turbosprezarka-potrzebuje-turbo-oleju\/"},"wordCount":5,"commentCount":0,"image":{"@id":"https:\/\/welubricate.fuchs.com\/pl\/motoryzacja\/turbosprezarka-potrzebuje-turbo-oleju\/#primaryimage"},"thumbnailUrl":"https:\/\/welubricate.fuchs.com\/wp-content\/uploads\/2024\/05\/header_turbosprezarka.jpg","keywords":["turbospr\u0119\u017carka"],"articleSection":["Lubricants","Motoryzacja"],"inLanguage":"pl-PL","potentialAction":[{"@type":"CommentAction","name":"Comment","target":["https:\/\/welubricate.fuchs.com\/pl\/motoryzacja\/turbosprezarka-potrzebuje-turbo-oleju\/#respond"]}]},{"@type":"WebPage","@id":"https:\/\/welubricate.fuchs.com\/pl\/motoryzacja\/turbosprezarka-potrzebuje-turbo-oleju\/","url":"https:\/\/welubricate.fuchs.com\/pl\/motoryzacja\/turbosprezarka-potrzebuje-turbo-oleju\/","name":"Turbospr\u0119\u017carka potrzebuje turbo oleju - welubricate.fuchs.com\/pl","isPartOf":{"@id":"https:\/\/welubricate.fuchs.com\/pl\/#website"},"primaryImageOfPage":{"@id":"https:\/\/welubricate.fuchs.com\/pl\/motoryzacja\/turbosprezarka-potrzebuje-turbo-oleju\/#primaryimage"},"image":{"@id":"https:\/\/welubricate.fuchs.com\/pl\/motoryzacja\/turbosprezarka-potrzebuje-turbo-oleju\/#primaryimage"},"thumbnailUrl":"https:\/\/welubricate.fuchs.com\/wp-content\/uploads\/2024\/05\/header_turbosprezarka.jpg","datePublished":"2018-11-08T10:07:15+00:00","dateModified":"2024-07-18T11:58:19+00:00","author":{"@id":"https:\/\/welubricate.fuchs.com\/pl\/#\/schema\/person\/4c887966085379142f6a1c978a0c6a0e"},"inLanguage":"pl-PL","potentialAction":[{"@type":"ReadAction","target":["https:\/\/welubricate.fuchs.com\/pl\/motoryzacja\/turbosprezarka-potrzebuje-turbo-oleju\/"]}]},{"@type":"ImageObject","inLanguage":"pl-PL","@id":"https:\/\/welubricate.fuchs.com\/pl\/motoryzacja\/turbosprezarka-potrzebuje-turbo-oleju\/#primaryimage","url":"https:\/\/welubricate.fuchs.com\/wp-content\/uploads\/2024\/05\/header_turbosprezarka.jpg","contentUrl":"https:\/\/welubricate.fuchs.com\/wp-content\/uploads\/2024\/05\/header_turbosprezarka.jpg","width":2048,"height":1280},{"@type":"WebSite","@id":"https:\/\/welubricate.fuchs.com\/pl\/#website","url":"https:\/\/welubricate.fuchs.com\/pl\/","name":"welubricate.fuchs.com\/pl","description":"Portal ekspercki o olejach i smarach","potentialAction":[{"@type":"SearchAction","target":{"@type":"EntryPoint","urlTemplate":"https:\/\/welubricate.fuchs.com\/pl\/?s={search_term_string}"},"query-input":{"@type":"PropertyValueSpecification","valueRequired":true,"valueName":"search_term_string"}}],"inLanguage":"pl-PL"},{"@type":"Person","@id":"https:\/\/welubricate.fuchs.com\/pl\/#\/schema\/person\/4c887966085379142f6a1c978a0c6a0e","name":"Lech Lasek","image":{"@type":"ImageObject","inLanguage":"pl-PL","@id":"https:\/\/welubricate.fuchs.com\/wp-content\/uploads\/2024\/06\/lech-lasek-150x150.jpg","url":"https:\/\/welubricate.fuchs.com\/wp-content\/uploads\/2024\/06\/lech-lasek-150x150.jpg","contentUrl":"https:\/\/welubricate.fuchs.com\/wp-content\/uploads\/2024\/06\/lech-lasek-150x150.jpg","caption":"Lech Lasek"},"description":"Mened\u017cer Produktu ds. Motoryzacyjnych \u015arodk\u00f3w Smarnych. W firmie FUCHS pracuj\u0119 nad rozwojem wybranych motoryzacyjnych \u015brodk\u00f3w smarnych, ze szczeg\u00f3lnym uwzgl\u0119dnieniem linii produkt\u00f3w AGRIFARM oraz OEM. Doradzam jakie oleje czy smary nale\u017cy zastosowa\u0107. Wyja\u015bniam, t\u0142umacz\u0119 bran\u017cowe zagadnienia techniczne. Prowadz\u0119 szkolenia oraz r\u00f3\u017cnego typu wyst\u0105pienia. Jestem pasjonatem motoryzacji, kt\u00f3ry w wolnych chwilach je\u017adzi motocyklem oraz sp\u0119dza godziny na dyskusjach o samochodach.","sameAs":["https:\/\/www.linkedin.com\/in\/lechlasek\/"],"url":"https:\/\/welubricate.fuchs.com\/pl\/author\/lech-lasek\/"}]}},"_links":{"self":[{"href":"https:\/\/welubricate.fuchs.com\/pl\/wp-json\/wp\/v2\/posts\/1002","targetHints":{"allow":["GET"]}}],"collection":[{"href":"https:\/\/welubricate.fuchs.com\/pl\/wp-json\/wp\/v2\/posts"}],"about":[{"href":"https:\/\/welubricate.fuchs.com\/pl\/wp-json\/wp\/v2\/types\/post"}],"author":[{"embeddable":true,"href":"https:\/\/welubricate.fuchs.com\/pl\/wp-json\/wp\/v2\/users\/3"}],"replies":[{"embeddable":true,"href":"https:\/\/welubricate.fuchs.com\/pl\/wp-json\/wp\/v2\/comments?post=1002"}],"version-history":[{"count":6,"href":"https:\/\/welubricate.fuchs.com\/pl\/wp-json\/wp\/v2\/posts\/1002\/revisions"}],"predecessor-version":[{"id":9395,"href":"https:\/\/welubricate.fuchs.com\/pl\/wp-json\/wp\/v2\/posts\/1002\/revisions\/9395"}],"wp:featuredmedia":[{"embeddable":true,"href":"https:\/\/welubricate.fuchs.com\/pl\/wp-json\/wp\/v2\/media\/1003"}],"wp:attachment":[{"href":"https:\/\/welubricate.fuchs.com\/pl\/wp-json\/wp\/v2\/media?parent=1002"}],"wp:term":[{"taxonomy":"category","embeddable":true,"href":"https:\/\/welubricate.fuchs.com\/pl\/wp-json\/wp\/v2\/categories?post=1002"},{"taxonomy":"post_tag","embeddable":true,"href":"https:\/\/welubricate.fuchs.com\/pl\/wp-json\/wp\/v2\/tags?post=1002"}],"curies":[{"name":"wp","href":"https:\/\/api.w.org\/{rel}","templated":true}]}}