{"id":10042,"date":"2021-05-19T15:33:20","date_gmt":"2021-05-19T13:33:20","guid":{"rendered":"http:\/\/welubricate.fuchs.com\/?p=10042"},"modified":"2024-09-10T11:42:57","modified_gmt":"2024-09-10T09:42:57","slug":"7-srodkow-smarnych-oraz-ich-zadania-aby-twoj-traktor-sprawnie-dzialal-2","status":"publish","type":"post","link":"https:\/\/welubricate.fuchs.com\/hr\/maziva-hr\/7-srodkow-smarnych-oraz-ich-zadania-aby-twoj-traktor-sprawnie-dzialal-2\/","title":{"rendered":"7 maziva i njihova zada\u0107a da va\u0161 traktor radi glatko"},"content":{"rendered":"","protected":false},"excerpt":{"rendered":"","protected":false},"author":3,"featured_media":6497,"comment_status":"open","ping_status":"open","sticky":false,"template":"","format":"standard","meta":{"_acf_changed":false,"footnotes":""},"categories":[1022,984],"tags":[1057,1374,1375,1376,1377,1378,1379],"class_list":["post-10042","post","type-post","status-publish","format-standard","has-post-thumbnail","hentry","category-maziva-hr","category-poljoprivreda-hr","tag-olej-do-traktora-hr","tag-oleje-agrifarm-hr","tag-srodki-smarne-do-traktora-hr","tag-srodki-smarne-w-maszynie-rolniczej-hr","tag-srodki-smarne-w-pojezdzie-rolniczym-hr","tag-srodki-smarne-w-traktorze-hr","tag-traktor-olej-silnikowy-hr"],"acf":[],"yoast_head":"<!-- This site is optimized with the Yoast SEO plugin v27.5 - https:\/\/yoast.com\/product\/yoast-seo-wordpress\/ -->\n<title>7 maziva i njihova zada\u0107a da va\u0161 traktor radi glatko - welubricate.fuchs.com\/hr<\/title>\n<meta name=\"robots\" content=\"index, follow, max-snippet:-1, max-image-preview:large, max-video-preview:-1\" \/>\n<link rel=\"canonical\" href=\"https:\/\/welubricate.fuchs.com\/hr\/maziva-hr\/7-srodkow-smarnych-oraz-ich-zadania-aby-twoj-traktor-sprawnie-dzialal-2\/\" \/>\n<meta property=\"og:locale\" content=\"hr_HR\" \/>\n<meta property=\"og:type\" content=\"article\" \/>\n<meta property=\"og:title\" content=\"7 maziva i njihova zada\u0107a da va\u0161 traktor radi glatko - welubricate.fuchs.com\/hr\" \/>\n<meta property=\"og:url\" content=\"https:\/\/welubricate.fuchs.com\/hr\/maziva-hr\/7-srodkow-smarnych-oraz-ich-zadania-aby-twoj-traktor-sprawnie-dzialal-2\/\" \/>\n<meta property=\"og:site_name\" content=\"welubricate.fuchs.com\/hr\" \/>\n<meta property=\"article:published_time\" content=\"2021-05-19T13:33:20+00:00\" \/>\n<meta property=\"article:modified_time\" content=\"2024-09-10T09:42:57+00:00\" \/>\n<meta property=\"og:image\" content=\"https:\/\/welubricate.fuchs.com\/wp-content\/uploads\/2024\/05\/7_produktow_do_traktora.jpg\" \/>\n\t<meta property=\"og:image:width\" content=\"2048\" \/>\n\t<meta property=\"og:image:height\" content=\"1280\" \/>\n\t<meta property=\"og:image:type\" content=\"image\/jpeg\" \/>\n<meta name=\"author\" content=\"Lech Lasek\" \/>\n<meta name=\"twitter:card\" content=\"summary_large_image\" \/>\n<meta name=\"twitter:label1\" content=\"Napisao\/la\" \/>\n\t<meta name=\"twitter:data1\" content=\"Lech Lasek\" \/>\n\t<meta name=\"twitter:label2\" content=\"Procijenjeno vrijeme \u010ditanja\" \/>\n\t<meta name=\"twitter:data2\" content=\"3 minute\" \/>\n<script type=\"application\/ld+json\" class=\"yoast-schema-graph\">{\"@context\":\"https:\\\/\\\/schema.org\",\"@graph\":[{\"@type\":\"Article\",\"@id\":\"https:\\\/\\\/welubricate.fuchs.com\\\/hr\\\/maziva-hr\\\/7-srodkow-smarnych-oraz-ich-zadania-aby-twoj-traktor-sprawnie-dzialal-2\\\/#article\",\"isPartOf\":{\"@id\":\"https:\\\/\\\/welubricate.fuchs.com\\\/hr\\\/maziva-hr\\\/7-srodkow-smarnych-oraz-ich-zadania-aby-twoj-traktor-sprawnie-dzialal-2\\\/\"},\"author\":{\"name\":\"Lech Lasek\",\"@id\":\"https:\\\/\\\/welubricate.fuchs.com\\\/hr\\\/#\\\/schema\\\/person\\\/4c887966085379142f6a1c978a0c6a0e\"},\"headline\":\"7 maziva i njihova zada\u0107a da va\u0161 traktor radi glatko\",\"datePublished\":\"2021-05-19T13:33:20+00:00\",\"dateModified\":\"2024-09-10T09:42:57+00:00\",\"mainEntityOfPage\":{\"@id\":\"https:\\\/\\\/welubricate.fuchs.com\\\/hr\\\/maziva-hr\\\/7-srodkow-smarnych-oraz-ich-zadania-aby-twoj-traktor-sprawnie-dzialal-2\\\/\"},\"wordCount\":10,\"commentCount\":0,\"image\":{\"@id\":\"https:\\\/\\\/welubricate.fuchs.com\\\/hr\\\/maziva-hr\\\/7-srodkow-smarnych-oraz-ich-zadania-aby-twoj-traktor-sprawnie-dzialal-2\\\/#primaryimage\"},\"thumbnailUrl\":\"https:\\\/\\\/welubricate.fuchs.com\\\/wp-content\\\/uploads\\\/2024\\\/05\\\/7_produktow_do_traktora.jpg\",\"keywords\":[\"olej do traktora\",\"oleje AGRIFARM\",\"\u015brodki smarne do traktora\",\"\u015brodki smarne w maszynie rolniczej\",\"\u015brodki smarne w poje\u017adzie rolniczym\",\"\u015brodki smarne w traktorze\",\"traktor olej silnikowy\"],\"articleSection\":[\"Maziva\",\"Poljoprivreda\"],\"inLanguage\":\"hr\",\"potentialAction\":[{\"@type\":\"CommentAction\",\"name\":\"Comment\",\"target\":[\"https:\\\/\\\/welubricate.fuchs.com\\\/hr\\\/maziva-hr\\\/7-srodkow-smarnych-oraz-ich-zadania-aby-twoj-traktor-sprawnie-dzialal-2\\\/#respond\"]}]},{\"@type\":\"WebPage\",\"@id\":\"https:\\\/\\\/welubricate.fuchs.com\\\/hr\\\/maziva-hr\\\/7-srodkow-smarnych-oraz-ich-zadania-aby-twoj-traktor-sprawnie-dzialal-2\\\/\",\"url\":\"https:\\\/\\\/welubricate.fuchs.com\\\/hr\\\/maziva-hr\\\/7-srodkow-smarnych-oraz-ich-zadania-aby-twoj-traktor-sprawnie-dzialal-2\\\/\",\"name\":\"7 maziva i njihova zada\u0107a da va\u0161 traktor radi glatko - welubricate.fuchs.com\\\/hr\",\"isPartOf\":{\"@id\":\"https:\\\/\\\/welubricate.fuchs.com\\\/hr\\\/#website\"},\"primaryImageOfPage\":{\"@id\":\"https:\\\/\\\/welubricate.fuchs.com\\\/hr\\\/maziva-hr\\\/7-srodkow-smarnych-oraz-ich-zadania-aby-twoj-traktor-sprawnie-dzialal-2\\\/#primaryimage\"},\"image\":{\"@id\":\"https:\\\/\\\/welubricate.fuchs.com\\\/hr\\\/maziva-hr\\\/7-srodkow-smarnych-oraz-ich-zadania-aby-twoj-traktor-sprawnie-dzialal-2\\\/#primaryimage\"},\"thumbnailUrl\":\"https:\\\/\\\/welubricate.fuchs.com\\\/wp-content\\\/uploads\\\/2024\\\/05\\\/7_produktow_do_traktora.jpg\",\"datePublished\":\"2021-05-19T13:33:20+00:00\",\"dateModified\":\"2024-09-10T09:42:57+00:00\",\"author\":{\"@id\":\"https:\\\/\\\/welubricate.fuchs.com\\\/hr\\\/#\\\/schema\\\/person\\\/4c887966085379142f6a1c978a0c6a0e\"},\"inLanguage\":\"hr\",\"potentialAction\":[{\"@type\":\"ReadAction\",\"target\":[\"https:\\\/\\\/welubricate.fuchs.com\\\/hr\\\/maziva-hr\\\/7-srodkow-smarnych-oraz-ich-zadania-aby-twoj-traktor-sprawnie-dzialal-2\\\/\"]}]},{\"@type\":\"ImageObject\",\"inLanguage\":\"hr\",\"@id\":\"https:\\\/\\\/welubricate.fuchs.com\\\/hr\\\/maziva-hr\\\/7-srodkow-smarnych-oraz-ich-zadania-aby-twoj-traktor-sprawnie-dzialal-2\\\/#primaryimage\",\"url\":\"https:\\\/\\\/welubricate.fuchs.com\\\/wp-content\\\/uploads\\\/2024\\\/05\\\/7_produktow_do_traktora.jpg\",\"contentUrl\":\"https:\\\/\\\/welubricate.fuchs.com\\\/wp-content\\\/uploads\\\/2024\\\/05\\\/7_produktow_do_traktora.jpg\",\"width\":2048,\"height\":1280},{\"@type\":\"WebSite\",\"@id\":\"https:\\\/\\\/welubricate.fuchs.com\\\/hr\\\/#website\",\"url\":\"https:\\\/\\\/welubricate.fuchs.com\\\/hr\\\/\",\"name\":\"welubricate.fuchs.com\\\/hr\",\"description\":\"Portal za stru\u010dnjake za maziva\",\"potentialAction\":[{\"@type\":\"SearchAction\",\"target\":{\"@type\":\"EntryPoint\",\"urlTemplate\":\"https:\\\/\\\/welubricate.fuchs.com\\\/hr\\\/?s={search_term_string}\"},\"query-input\":{\"@type\":\"PropertyValueSpecification\",\"valueRequired\":true,\"valueName\":\"search_term_string\"}}],\"inLanguage\":\"hr\"},{\"@type\":\"Person\",\"@id\":\"https:\\\/\\\/welubricate.fuchs.com\\\/hr\\\/#\\\/schema\\\/person\\\/4c887966085379142f6a1c978a0c6a0e\",\"name\":\"Lech Lasek\",\"image\":{\"@type\":\"ImageObject\",\"inLanguage\":\"hr\",\"@id\":\"https:\\\/\\\/welubricate.fuchs.com\\\/wp-content\\\/uploads\\\/2024\\\/06\\\/lech-lasek-150x150.jpg\",\"url\":\"https:\\\/\\\/welubricate.fuchs.com\\\/wp-content\\\/uploads\\\/2024\\\/06\\\/lech-lasek-150x150.jpg\",\"contentUrl\":\"https:\\\/\\\/welubricate.fuchs.com\\\/wp-content\\\/uploads\\\/2024\\\/06\\\/lech-lasek-150x150.jpg\",\"caption\":\"Lech Lasek\"},\"description\":\"Mened\u017cer Produktu ds. Motoryzacyjnych \u015arodk\u00f3w Smarnych. W firmie FUCHS pracuj\u0119 nad rozwojem wybranych motoryzacyjnych \u015brodk\u00f3w smarnych, ze szczeg\u00f3lnym uwzgl\u0119dnieniem linii produkt\u00f3w AGRIFARM oraz OEM. Doradzam jakie oleje czy smary nale\u017cy zastosowa\u0107. Wyja\u015bniam, t\u0142umacz\u0119 bran\u017cowe zagadnienia techniczne. Prowadz\u0119 szkolenia oraz r\u00f3\u017cnego typu wyst\u0105pienia. Jestem pasjonatem motoryzacji, kt\u00f3ry w wolnych chwilach je\u017adzi motocyklem oraz sp\u0119dza godziny na dyskusjach o samochodach.\",\"sameAs\":[\"https:\\\/\\\/www.linkedin.com\\\/in\\\/lechlasek\\\/\"],\"url\":\"https:\\\/\\\/welubricate.fuchs.com\\\/hr\\\/author\\\/lech-lasek\\\/\"}]}<\/script>\n<!-- \/ Yoast SEO plugin. -->","yoast_head_json":{"title":"7 maziva i njihova zada\u0107a da va\u0161 traktor radi glatko - welubricate.fuchs.com\/hr","robots":{"index":"index","follow":"follow","max-snippet":"max-snippet:-1","max-image-preview":"max-image-preview:large","max-video-preview":"max-video-preview:-1"},"canonical":"https:\/\/welubricate.fuchs.com\/hr\/maziva-hr\/7-srodkow-smarnych-oraz-ich-zadania-aby-twoj-traktor-sprawnie-dzialal-2\/","og_locale":"hr_HR","og_type":"article","og_title":"7 maziva i njihova zada\u0107a da va\u0161 traktor radi glatko - welubricate.fuchs.com\/hr","og_url":"https:\/\/welubricate.fuchs.com\/hr\/maziva-hr\/7-srodkow-smarnych-oraz-ich-zadania-aby-twoj-traktor-sprawnie-dzialal-2\/","og_site_name":"welubricate.fuchs.com\/hr","article_published_time":"2021-05-19T13:33:20+00:00","article_modified_time":"2024-09-10T09:42:57+00:00","og_image":[{"width":2048,"height":1280,"url":"https:\/\/welubricate.fuchs.com\/wp-content\/uploads\/2024\/05\/7_produktow_do_traktora.jpg","type":"image\/jpeg"}],"author":"Lech Lasek","twitter_card":"summary_large_image","twitter_misc":{"Napisao\/la":"Lech Lasek","Procijenjeno vrijeme \u010ditanja":"3 minute"},"schema":{"@context":"https:\/\/schema.org","@graph":[{"@type":"Article","@id":"https:\/\/welubricate.fuchs.com\/hr\/maziva-hr\/7-srodkow-smarnych-oraz-ich-zadania-aby-twoj-traktor-sprawnie-dzialal-2\/#article","isPartOf":{"@id":"https:\/\/welubricate.fuchs.com\/hr\/maziva-hr\/7-srodkow-smarnych-oraz-ich-zadania-aby-twoj-traktor-sprawnie-dzialal-2\/"},"author":{"name":"Lech Lasek","@id":"https:\/\/welubricate.fuchs.com\/hr\/#\/schema\/person\/4c887966085379142f6a1c978a0c6a0e"},"headline":"7 maziva i njihova zada\u0107a da va\u0161 traktor radi glatko","datePublished":"2021-05-19T13:33:20+00:00","dateModified":"2024-09-10T09:42:57+00:00","mainEntityOfPage":{"@id":"https:\/\/welubricate.fuchs.com\/hr\/maziva-hr\/7-srodkow-smarnych-oraz-ich-zadania-aby-twoj-traktor-sprawnie-dzialal-2\/"},"wordCount":10,"commentCount":0,"image":{"@id":"https:\/\/welubricate.fuchs.com\/hr\/maziva-hr\/7-srodkow-smarnych-oraz-ich-zadania-aby-twoj-traktor-sprawnie-dzialal-2\/#primaryimage"},"thumbnailUrl":"https:\/\/welubricate.fuchs.com\/wp-content\/uploads\/2024\/05\/7_produktow_do_traktora.jpg","keywords":["olej do traktora","oleje AGRIFARM","\u015brodki smarne do traktora","\u015brodki smarne w maszynie rolniczej","\u015brodki smarne w poje\u017adzie rolniczym","\u015brodki smarne w traktorze","traktor olej silnikowy"],"articleSection":["Maziva","Poljoprivreda"],"inLanguage":"hr","potentialAction":[{"@type":"CommentAction","name":"Comment","target":["https:\/\/welubricate.fuchs.com\/hr\/maziva-hr\/7-srodkow-smarnych-oraz-ich-zadania-aby-twoj-traktor-sprawnie-dzialal-2\/#respond"]}]},{"@type":"WebPage","@id":"https:\/\/welubricate.fuchs.com\/hr\/maziva-hr\/7-srodkow-smarnych-oraz-ich-zadania-aby-twoj-traktor-sprawnie-dzialal-2\/","url":"https:\/\/welubricate.fuchs.com\/hr\/maziva-hr\/7-srodkow-smarnych-oraz-ich-zadania-aby-twoj-traktor-sprawnie-dzialal-2\/","name":"7 maziva i njihova zada\u0107a da va\u0161 traktor radi glatko - welubricate.fuchs.com\/hr","isPartOf":{"@id":"https:\/\/welubricate.fuchs.com\/hr\/#website"},"primaryImageOfPage":{"@id":"https:\/\/welubricate.fuchs.com\/hr\/maziva-hr\/7-srodkow-smarnych-oraz-ich-zadania-aby-twoj-traktor-sprawnie-dzialal-2\/#primaryimage"},"image":{"@id":"https:\/\/welubricate.fuchs.com\/hr\/maziva-hr\/7-srodkow-smarnych-oraz-ich-zadania-aby-twoj-traktor-sprawnie-dzialal-2\/#primaryimage"},"thumbnailUrl":"https:\/\/welubricate.fuchs.com\/wp-content\/uploads\/2024\/05\/7_produktow_do_traktora.jpg","datePublished":"2021-05-19T13:33:20+00:00","dateModified":"2024-09-10T09:42:57+00:00","author":{"@id":"https:\/\/welubricate.fuchs.com\/hr\/#\/schema\/person\/4c887966085379142f6a1c978a0c6a0e"},"inLanguage":"hr","potentialAction":[{"@type":"ReadAction","target":["https:\/\/welubricate.fuchs.com\/hr\/maziva-hr\/7-srodkow-smarnych-oraz-ich-zadania-aby-twoj-traktor-sprawnie-dzialal-2\/"]}]},{"@type":"ImageObject","inLanguage":"hr","@id":"https:\/\/welubricate.fuchs.com\/hr\/maziva-hr\/7-srodkow-smarnych-oraz-ich-zadania-aby-twoj-traktor-sprawnie-dzialal-2\/#primaryimage","url":"https:\/\/welubricate.fuchs.com\/wp-content\/uploads\/2024\/05\/7_produktow_do_traktora.jpg","contentUrl":"https:\/\/welubricate.fuchs.com\/wp-content\/uploads\/2024\/05\/7_produktow_do_traktora.jpg","width":2048,"height":1280},{"@type":"WebSite","@id":"https:\/\/welubricate.fuchs.com\/hr\/#website","url":"https:\/\/welubricate.fuchs.com\/hr\/","name":"welubricate.fuchs.com\/hr","description":"Portal za stru\u010dnjake za maziva","potentialAction":[{"@type":"SearchAction","target":{"@type":"EntryPoint","urlTemplate":"https:\/\/welubricate.fuchs.com\/hr\/?s={search_term_string}"},"query-input":{"@type":"PropertyValueSpecification","valueRequired":true,"valueName":"search_term_string"}}],"inLanguage":"hr"},{"@type":"Person","@id":"https:\/\/welubricate.fuchs.com\/hr\/#\/schema\/person\/4c887966085379142f6a1c978a0c6a0e","name":"Lech Lasek","image":{"@type":"ImageObject","inLanguage":"hr","@id":"https:\/\/welubricate.fuchs.com\/wp-content\/uploads\/2024\/06\/lech-lasek-150x150.jpg","url":"https:\/\/welubricate.fuchs.com\/wp-content\/uploads\/2024\/06\/lech-lasek-150x150.jpg","contentUrl":"https:\/\/welubricate.fuchs.com\/wp-content\/uploads\/2024\/06\/lech-lasek-150x150.jpg","caption":"Lech Lasek"},"description":"Mened\u017cer Produktu ds. Motoryzacyjnych \u015arodk\u00f3w Smarnych. W firmie FUCHS pracuj\u0119 nad rozwojem wybranych motoryzacyjnych \u015brodk\u00f3w smarnych, ze szczeg\u00f3lnym uwzgl\u0119dnieniem linii produkt\u00f3w AGRIFARM oraz OEM. Doradzam jakie oleje czy smary nale\u017cy zastosowa\u0107. Wyja\u015bniam, t\u0142umacz\u0119 bran\u017cowe zagadnienia techniczne. Prowadz\u0119 szkolenia oraz r\u00f3\u017cnego typu wyst\u0105pienia. Jestem pasjonatem motoryzacji, kt\u00f3ry w wolnych chwilach je\u017adzi motocyklem oraz sp\u0119dza godziny na dyskusjach o samochodach.","sameAs":["https:\/\/www.linkedin.com\/in\/lechlasek\/"],"url":"https:\/\/welubricate.fuchs.com\/hr\/author\/lech-lasek\/"}]}},"_links":{"self":[{"href":"https:\/\/welubricate.fuchs.com\/hr\/wp-json\/wp\/v2\/posts\/10042","targetHints":{"allow":["GET"]}}],"collection":[{"href":"https:\/\/welubricate.fuchs.com\/hr\/wp-json\/wp\/v2\/posts"}],"about":[{"href":"https:\/\/welubricate.fuchs.com\/hr\/wp-json\/wp\/v2\/types\/post"}],"author":[{"embeddable":true,"href":"https:\/\/welubricate.fuchs.com\/hr\/wp-json\/wp\/v2\/users\/3"}],"replies":[{"embeddable":true,"href":"https:\/\/welubricate.fuchs.com\/hr\/wp-json\/wp\/v2\/comments?post=10042"}],"version-history":[{"count":3,"href":"https:\/\/welubricate.fuchs.com\/hr\/wp-json\/wp\/v2\/posts\/10042\/revisions"}],"predecessor-version":[{"id":10795,"href":"https:\/\/welubricate.fuchs.com\/hr\/wp-json\/wp\/v2\/posts\/10042\/revisions\/10795"}],"wp:featuredmedia":[{"embeddable":true,"href":"https:\/\/welubricate.fuchs.com\/hr\/wp-json\/wp\/v2\/media\/6497"}],"wp:attachment":[{"href":"https:\/\/welubricate.fuchs.com\/hr\/wp-json\/wp\/v2\/media?parent=10042"}],"wp:term":[{"taxonomy":"category","embeddable":true,"href":"https:\/\/welubricate.fuchs.com\/hr\/wp-json\/wp\/v2\/categories?post=10042"},{"taxonomy":"post_tag","embeddable":true,"href":"https:\/\/welubricate.fuchs.com\/hr\/wp-json\/wp\/v2\/tags?post=10042"}],"curies":[{"name":"wp","href":"https:\/\/api.w.org\/{rel}","templated":true}]}}