{"id":12297,"date":"2018-12-17T11:12:55","date_gmt":"2018-12-17T10:12:55","guid":{"rendered":"https:\/\/welubricate.fuchs.com\/?p=12297"},"modified":"2025-07-06T21:41:28","modified_gmt":"2025-07-06T19:41:28","slug":"poruchy-turbodmychadla-jsou-casto-zpusobeny-problemy-s-mazanim","status":"publish","type":"post","link":"https:\/\/welubricate.fuchs.com\/cz\/vedeli_jste_ze\/poruchy-turbodmychadla-jsou-casto-zpusobeny-problemy-s-mazanim\/","title":{"rendered":"Poruchy turbodmychadla jsou \u010dasto zp\u016fsobeny probl\u00e9my s maz\u00e1n\u00edm."},"content":{"rendered":"","protected":false},"excerpt":{"rendered":"","protected":false},"author":37,"featured_media":12298,"comment_status":"open","ping_status":"open","sticky":false,"template":"","format":"standard","meta":{"_acf_changed":false,"footnotes":""},"categories":[1635],"tags":[1839,1840],"class_list":["post-12297","post","type-post","status-publish","format-standard","has-post-thumbnail","hentry","category-vedeli_jste_ze","tag-vite","tag-ze"],"acf":[],"yoast_head":"<!-- This site is optimized with the Yoast SEO plugin v27.5 - https:\/\/yoast.com\/product\/yoast-seo-wordpress\/ -->\n<title>Poruchy turbodmychadla jsou \u010dasto zp\u016fsobeny probl\u00e9my s maz\u00e1n\u00edm. - welubricate.fuchs.com\/cz<\/title>\n<meta name=\"robots\" content=\"index, follow, max-snippet:-1, max-image-preview:large, max-video-preview:-1\" \/>\n<link rel=\"canonical\" href=\"https:\/\/welubricate.fuchs.com\/cz\/vedeli_jste_ze\/poruchy-turbodmychadla-jsou-casto-zpusobeny-problemy-s-mazanim\/\" \/>\n<meta property=\"og:locale\" content=\"en_US\" \/>\n<meta property=\"og:type\" content=\"article\" \/>\n<meta property=\"og:title\" content=\"Poruchy turbodmychadla jsou \u010dasto zp\u016fsobeny probl\u00e9my s maz\u00e1n\u00edm. - welubricate.fuchs.com\/cz\" \/>\n<meta property=\"og:url\" content=\"https:\/\/welubricate.fuchs.com\/cz\/vedeli_jste_ze\/poruchy-turbodmychadla-jsou-casto-zpusobeny-problemy-s-mazanim\/\" \/>\n<meta property=\"og:site_name\" content=\"welubricate.fuchs.com\/cz\" \/>\n<meta property=\"article:published_time\" content=\"2018-12-17T10:12:55+00:00\" \/>\n<meta property=\"article:modified_time\" content=\"2025-07-06T19:41:28+00:00\" \/>\n<meta property=\"og:image\" content=\"https:\/\/welubricate.fuchs.com\/wp-content\/uploads\/2024\/05\/ciekawostka-5.png\" \/>\n\t<meta property=\"og:image:width\" content=\"1300\" \/>\n\t<meta property=\"og:image:height\" content=\"650\" \/>\n\t<meta property=\"og:image:type\" content=\"image\/png\" \/>\n<meta name=\"author\" content=\"Dana Jirovcova\" \/>\n<meta name=\"twitter:card\" content=\"summary_large_image\" \/>\n<meta name=\"twitter:label1\" content=\"Written by\" \/>\n\t<meta name=\"twitter:data1\" content=\"Dana Jirovcova\" \/>\n\t<meta name=\"twitter:label2\" content=\"Est. reading time\" \/>\n\t<meta name=\"twitter:data2\" content=\"1 minute\" \/>\n<script type=\"application\/ld+json\" class=\"yoast-schema-graph\">{\"@context\":\"https:\\\/\\\/schema.org\",\"@graph\":[{\"@type\":\"Article\",\"@id\":\"https:\\\/\\\/welubricate.fuchs.com\\\/cz\\\/vedeli_jste_ze\\\/poruchy-turbodmychadla-jsou-casto-zpusobeny-problemy-s-mazanim\\\/#article\",\"isPartOf\":{\"@id\":\"https:\\\/\\\/welubricate.fuchs.com\\\/cz\\\/vedeli_jste_ze\\\/poruchy-turbodmychadla-jsou-casto-zpusobeny-problemy-s-mazanim\\\/\"},\"author\":{\"name\":\"Dana Jirovcova\",\"@id\":\"https:\\\/\\\/welubricate.fuchs.com\\\/cz\\\/#\\\/schema\\\/person\\\/59133e6885abc7ddd018953d82485fb5\"},\"headline\":\"Poruchy turbodmychadla jsou \u010dasto zp\u016fsobeny probl\u00e9my s maz\u00e1n\u00edm.\",\"datePublished\":\"2018-12-17T10:12:55+00:00\",\"dateModified\":\"2025-07-06T19:41:28+00:00\",\"mainEntityOfPage\":{\"@id\":\"https:\\\/\\\/welubricate.fuchs.com\\\/cz\\\/vedeli_jste_ze\\\/poruchy-turbodmychadla-jsou-casto-zpusobeny-problemy-s-mazanim\\\/\"},\"wordCount\":12,\"commentCount\":0,\"image\":{\"@id\":\"https:\\\/\\\/welubricate.fuchs.com\\\/cz\\\/vedeli_jste_ze\\\/poruchy-turbodmychadla-jsou-casto-zpusobeny-problemy-s-mazanim\\\/#primaryimage\"},\"thumbnailUrl\":\"https:\\\/\\\/welubricate.fuchs.com\\\/wp-content\\\/uploads\\\/2024\\\/05\\\/ciekawostka-5.png\",\"keywords\":[\"V\u00edte\",\"\u017ee\"],\"articleSection\":[\"V\u011bd\u011bli jste, \u017ee\u2026\"],\"inLanguage\":\"cz-CZ\",\"potentialAction\":[{\"@type\":\"CommentAction\",\"name\":\"Comment\",\"target\":[\"https:\\\/\\\/welubricate.fuchs.com\\\/cz\\\/vedeli_jste_ze\\\/poruchy-turbodmychadla-jsou-casto-zpusobeny-problemy-s-mazanim\\\/#respond\"]}]},{\"@type\":\"WebPage\",\"@id\":\"https:\\\/\\\/welubricate.fuchs.com\\\/cz\\\/vedeli_jste_ze\\\/poruchy-turbodmychadla-jsou-casto-zpusobeny-problemy-s-mazanim\\\/\",\"url\":\"https:\\\/\\\/welubricate.fuchs.com\\\/cz\\\/vedeli_jste_ze\\\/poruchy-turbodmychadla-jsou-casto-zpusobeny-problemy-s-mazanim\\\/\",\"name\":\"Poruchy turbodmychadla jsou \u010dasto zp\u016fsobeny probl\u00e9my s maz\u00e1n\u00edm. - welubricate.fuchs.com\\\/cz\",\"isPartOf\":{\"@id\":\"https:\\\/\\\/welubricate.fuchs.com\\\/cz\\\/#website\"},\"primaryImageOfPage\":{\"@id\":\"https:\\\/\\\/welubricate.fuchs.com\\\/cz\\\/vedeli_jste_ze\\\/poruchy-turbodmychadla-jsou-casto-zpusobeny-problemy-s-mazanim\\\/#primaryimage\"},\"image\":{\"@id\":\"https:\\\/\\\/welubricate.fuchs.com\\\/cz\\\/vedeli_jste_ze\\\/poruchy-turbodmychadla-jsou-casto-zpusobeny-problemy-s-mazanim\\\/#primaryimage\"},\"thumbnailUrl\":\"https:\\\/\\\/welubricate.fuchs.com\\\/wp-content\\\/uploads\\\/2024\\\/05\\\/ciekawostka-5.png\",\"datePublished\":\"2018-12-17T10:12:55+00:00\",\"dateModified\":\"2025-07-06T19:41:28+00:00\",\"author\":{\"@id\":\"https:\\\/\\\/welubricate.fuchs.com\\\/cz\\\/#\\\/schema\\\/person\\\/59133e6885abc7ddd018953d82485fb5\"},\"inLanguage\":\"cz-CZ\",\"potentialAction\":[{\"@type\":\"ReadAction\",\"target\":[\"https:\\\/\\\/welubricate.fuchs.com\\\/cz\\\/vedeli_jste_ze\\\/poruchy-turbodmychadla-jsou-casto-zpusobeny-problemy-s-mazanim\\\/\"]}]},{\"@type\":\"ImageObject\",\"inLanguage\":\"cz-CZ\",\"@id\":\"https:\\\/\\\/welubricate.fuchs.com\\\/cz\\\/vedeli_jste_ze\\\/poruchy-turbodmychadla-jsou-casto-zpusobeny-problemy-s-mazanim\\\/#primaryimage\",\"url\":\"https:\\\/\\\/welubricate.fuchs.com\\\/wp-content\\\/uploads\\\/2024\\\/05\\\/ciekawostka-5.png\",\"contentUrl\":\"https:\\\/\\\/welubricate.fuchs.com\\\/wp-content\\\/uploads\\\/2024\\\/05\\\/ciekawostka-5.png\",\"width\":1300,\"height\":650},{\"@type\":\"WebSite\",\"@id\":\"https:\\\/\\\/welubricate.fuchs.com\\\/cz\\\/#website\",\"url\":\"https:\\\/\\\/welubricate.fuchs.com\\\/cz\\\/\",\"name\":\"welubricate.fuchs.com\\\/cz\",\"description\":\"Odborn\u00fd port\u00e1l o mazivech\",\"potentialAction\":[{\"@type\":\"SearchAction\",\"target\":{\"@type\":\"EntryPoint\",\"urlTemplate\":\"https:\\\/\\\/welubricate.fuchs.com\\\/cz\\\/?s={search_term_string}\"},\"query-input\":{\"@type\":\"PropertyValueSpecification\",\"valueRequired\":true,\"valueName\":\"search_term_string\"}}],\"inLanguage\":\"cz-CZ\"},{\"@type\":\"Person\",\"@id\":\"https:\\\/\\\/welubricate.fuchs.com\\\/cz\\\/#\\\/schema\\\/person\\\/59133e6885abc7ddd018953d82485fb5\",\"name\":\"Dana Jirovcova\",\"image\":{\"@type\":\"ImageObject\",\"inLanguage\":\"cz-CZ\",\"@id\":\"https:\\\/\\\/secure.gravatar.com\\\/avatar\\\/e5b41bca897b5c1eb99429ed06e35d9056a9489871053463c1c660bd2bbec37b?s=96&d=mm&r=g\",\"url\":\"https:\\\/\\\/secure.gravatar.com\\\/avatar\\\/e5b41bca897b5c1eb99429ed06e35d9056a9489871053463c1c660bd2bbec37b?s=96&d=mm&r=g\",\"contentUrl\":\"https:\\\/\\\/secure.gravatar.com\\\/avatar\\\/e5b41bca897b5c1eb99429ed06e35d9056a9489871053463c1c660bd2bbec37b?s=96&d=mm&r=g\",\"caption\":\"Dana Jirovcova\"},\"url\":\"https:\\\/\\\/welubricate.fuchs.com\\\/cz\\\/author\\\/dana_jirovcova\\\/\"}]}<\/script>\n<!-- \/ Yoast SEO plugin. -->","yoast_head_json":{"title":"Poruchy turbodmychadla jsou \u010dasto zp\u016fsobeny probl\u00e9my s maz\u00e1n\u00edm. - welubricate.fuchs.com\/cz","robots":{"index":"index","follow":"follow","max-snippet":"max-snippet:-1","max-image-preview":"max-image-preview:large","max-video-preview":"max-video-preview:-1"},"canonical":"https:\/\/welubricate.fuchs.com\/cz\/vedeli_jste_ze\/poruchy-turbodmychadla-jsou-casto-zpusobeny-problemy-s-mazanim\/","og_locale":"en_US","og_type":"article","og_title":"Poruchy turbodmychadla jsou \u010dasto zp\u016fsobeny probl\u00e9my s maz\u00e1n\u00edm. - welubricate.fuchs.com\/cz","og_url":"https:\/\/welubricate.fuchs.com\/cz\/vedeli_jste_ze\/poruchy-turbodmychadla-jsou-casto-zpusobeny-problemy-s-mazanim\/","og_site_name":"welubricate.fuchs.com\/cz","article_published_time":"2018-12-17T10:12:55+00:00","article_modified_time":"2025-07-06T19:41:28+00:00","og_image":[{"width":1300,"height":650,"url":"https:\/\/welubricate.fuchs.com\/wp-content\/uploads\/2024\/05\/ciekawostka-5.png","type":"image\/png"}],"author":"Dana Jirovcova","twitter_card":"summary_large_image","twitter_misc":{"Written by":"Dana Jirovcova","Est. reading time":"1 minute"},"schema":{"@context":"https:\/\/schema.org","@graph":[{"@type":"Article","@id":"https:\/\/welubricate.fuchs.com\/cz\/vedeli_jste_ze\/poruchy-turbodmychadla-jsou-casto-zpusobeny-problemy-s-mazanim\/#article","isPartOf":{"@id":"https:\/\/welubricate.fuchs.com\/cz\/vedeli_jste_ze\/poruchy-turbodmychadla-jsou-casto-zpusobeny-problemy-s-mazanim\/"},"author":{"name":"Dana Jirovcova","@id":"https:\/\/welubricate.fuchs.com\/cz\/#\/schema\/person\/59133e6885abc7ddd018953d82485fb5"},"headline":"Poruchy turbodmychadla jsou \u010dasto zp\u016fsobeny probl\u00e9my s maz\u00e1n\u00edm.","datePublished":"2018-12-17T10:12:55+00:00","dateModified":"2025-07-06T19:41:28+00:00","mainEntityOfPage":{"@id":"https:\/\/welubricate.fuchs.com\/cz\/vedeli_jste_ze\/poruchy-turbodmychadla-jsou-casto-zpusobeny-problemy-s-mazanim\/"},"wordCount":12,"commentCount":0,"image":{"@id":"https:\/\/welubricate.fuchs.com\/cz\/vedeli_jste_ze\/poruchy-turbodmychadla-jsou-casto-zpusobeny-problemy-s-mazanim\/#primaryimage"},"thumbnailUrl":"https:\/\/welubricate.fuchs.com\/wp-content\/uploads\/2024\/05\/ciekawostka-5.png","keywords":["V\u00edte","\u017ee"],"articleSection":["V\u011bd\u011bli jste, \u017ee\u2026"],"inLanguage":"cz-CZ","potentialAction":[{"@type":"CommentAction","name":"Comment","target":["https:\/\/welubricate.fuchs.com\/cz\/vedeli_jste_ze\/poruchy-turbodmychadla-jsou-casto-zpusobeny-problemy-s-mazanim\/#respond"]}]},{"@type":"WebPage","@id":"https:\/\/welubricate.fuchs.com\/cz\/vedeli_jste_ze\/poruchy-turbodmychadla-jsou-casto-zpusobeny-problemy-s-mazanim\/","url":"https:\/\/welubricate.fuchs.com\/cz\/vedeli_jste_ze\/poruchy-turbodmychadla-jsou-casto-zpusobeny-problemy-s-mazanim\/","name":"Poruchy turbodmychadla jsou \u010dasto zp\u016fsobeny probl\u00e9my s maz\u00e1n\u00edm. - welubricate.fuchs.com\/cz","isPartOf":{"@id":"https:\/\/welubricate.fuchs.com\/cz\/#website"},"primaryImageOfPage":{"@id":"https:\/\/welubricate.fuchs.com\/cz\/vedeli_jste_ze\/poruchy-turbodmychadla-jsou-casto-zpusobeny-problemy-s-mazanim\/#primaryimage"},"image":{"@id":"https:\/\/welubricate.fuchs.com\/cz\/vedeli_jste_ze\/poruchy-turbodmychadla-jsou-casto-zpusobeny-problemy-s-mazanim\/#primaryimage"},"thumbnailUrl":"https:\/\/welubricate.fuchs.com\/wp-content\/uploads\/2024\/05\/ciekawostka-5.png","datePublished":"2018-12-17T10:12:55+00:00","dateModified":"2025-07-06T19:41:28+00:00","author":{"@id":"https:\/\/welubricate.fuchs.com\/cz\/#\/schema\/person\/59133e6885abc7ddd018953d82485fb5"},"inLanguage":"cz-CZ","potentialAction":[{"@type":"ReadAction","target":["https:\/\/welubricate.fuchs.com\/cz\/vedeli_jste_ze\/poruchy-turbodmychadla-jsou-casto-zpusobeny-problemy-s-mazanim\/"]}]},{"@type":"ImageObject","inLanguage":"cz-CZ","@id":"https:\/\/welubricate.fuchs.com\/cz\/vedeli_jste_ze\/poruchy-turbodmychadla-jsou-casto-zpusobeny-problemy-s-mazanim\/#primaryimage","url":"https:\/\/welubricate.fuchs.com\/wp-content\/uploads\/2024\/05\/ciekawostka-5.png","contentUrl":"https:\/\/welubricate.fuchs.com\/wp-content\/uploads\/2024\/05\/ciekawostka-5.png","width":1300,"height":650},{"@type":"WebSite","@id":"https:\/\/welubricate.fuchs.com\/cz\/#website","url":"https:\/\/welubricate.fuchs.com\/cz\/","name":"welubricate.fuchs.com\/cz","description":"Odborn\u00fd port\u00e1l o mazivech","potentialAction":[{"@type":"SearchAction","target":{"@type":"EntryPoint","urlTemplate":"https:\/\/welubricate.fuchs.com\/cz\/?s={search_term_string}"},"query-input":{"@type":"PropertyValueSpecification","valueRequired":true,"valueName":"search_term_string"}}],"inLanguage":"cz-CZ"},{"@type":"Person","@id":"https:\/\/welubricate.fuchs.com\/cz\/#\/schema\/person\/59133e6885abc7ddd018953d82485fb5","name":"Dana Jirovcova","image":{"@type":"ImageObject","inLanguage":"cz-CZ","@id":"https:\/\/secure.gravatar.com\/avatar\/e5b41bca897b5c1eb99429ed06e35d9056a9489871053463c1c660bd2bbec37b?s=96&d=mm&r=g","url":"https:\/\/secure.gravatar.com\/avatar\/e5b41bca897b5c1eb99429ed06e35d9056a9489871053463c1c660bd2bbec37b?s=96&d=mm&r=g","contentUrl":"https:\/\/secure.gravatar.com\/avatar\/e5b41bca897b5c1eb99429ed06e35d9056a9489871053463c1c660bd2bbec37b?s=96&d=mm&r=g","caption":"Dana Jirovcova"},"url":"https:\/\/welubricate.fuchs.com\/cz\/author\/dana_jirovcova\/"}]}},"_links":{"self":[{"href":"https:\/\/welubricate.fuchs.com\/cz\/wp-json\/wp\/v2\/posts\/12297","targetHints":{"allow":["GET"]}}],"collection":[{"href":"https:\/\/welubricate.fuchs.com\/cz\/wp-json\/wp\/v2\/posts"}],"about":[{"href":"https:\/\/welubricate.fuchs.com\/cz\/wp-json\/wp\/v2\/types\/post"}],"author":[{"embeddable":true,"href":"https:\/\/welubricate.fuchs.com\/cz\/wp-json\/wp\/v2\/users\/37"}],"replies":[{"embeddable":true,"href":"https:\/\/welubricate.fuchs.com\/cz\/wp-json\/wp\/v2\/comments?post=12297"}],"version-history":[{"count":2,"href":"https:\/\/welubricate.fuchs.com\/cz\/wp-json\/wp\/v2\/posts\/12297\/revisions"}],"predecessor-version":[{"id":12300,"href":"https:\/\/welubricate.fuchs.com\/cz\/wp-json\/wp\/v2\/posts\/12297\/revisions\/12300"}],"wp:featuredmedia":[{"embeddable":true,"href":"https:\/\/welubricate.fuchs.com\/cz\/wp-json\/wp\/v2\/media\/12298"}],"wp:attachment":[{"href":"https:\/\/welubricate.fuchs.com\/cz\/wp-json\/wp\/v2\/media?parent=12297"}],"wp:term":[{"taxonomy":"category","embeddable":true,"href":"https:\/\/welubricate.fuchs.com\/cz\/wp-json\/wp\/v2\/categories?post=12297"},{"taxonomy":"post_tag","embeddable":true,"href":"https:\/\/welubricate.fuchs.com\/cz\/wp-json\/wp\/v2\/tags?post=12297"}],"curies":[{"name":"wp","href":"https:\/\/api.w.org\/{rel}","templated":true}]}}